{"id":32548,"date":"2021-09-02T16:16:33","date_gmt":"2021-09-02T14:16:33","guid":{"rendered":"https:\/\/www.exhale-fans.com\/deckenventilatoren-und-klimaanlagen-eine-vernunftehe\/"},"modified":"2024-01-24T16:18:14","modified_gmt":"2024-01-24T15:18:14","slug":"deckenventilatoren-und-klimaanlagen-eine-vernunftehe","status":"publish","type":"post","link":"https:\/\/www.exhale-fans.com\/de\/deckenventilatoren-und-klimaanlagen-eine-vernunftehe\/","title":{"rendered":"Deckenventilatoren und Klimaanlagen: Eine Vernunftehe?"},"content":{"rendered":"<div class=\"pdfprnt-buttons pdfprnt-buttons-post pdfprnt-top-right\"><a href=\"javascript: imageToPdf()\" class=\"pdfprnt-button pdfprnt-button-pdf\" target=\"_self\"><img decoding=\"async\" src=\"https:\/\/www.exhale-fans.com\/wp-content\/plugins\/pdf-print\/images\/pdf.png\" alt=\"image_pdf\" title=\"PDF anzeigen\" \/><span class=\"pdfprnt-button-title pdfprnt-button-pdf-title\">Download PDF<\/span><\/a><\/div><p>[et_pb_section fb_built=&#8221;1&#8243; _builder_version=&#8221;4.16&#8243; custom_padding=&#8221;7px||11px|||&#8221; z_index_tablet=&#8221;500&#8243; global_colors_info=&#8221;{}&#8221;][et_pb_row _builder_version=&#8221;4.16&#8243; background_size=&#8221;initial&#8221; background_position=&#8221;top_left&#8221; background_repeat=&#8221;repeat&#8221; custom_padding=&#8221;0px||14px||false|false&#8221; global_colors_info=&#8221;{}&#8221;][et_pb_column type=&#8221;4_4&#8243; _builder_version=&#8221;4.16&#8243; custom_padding=&#8221;|||&#8221; global_colors_info=&#8221;{}&#8221; custom_padding__hover=&#8221;|||&#8221;][et_pb_text ul_item_indent=&#8221;40px&#8221; admin_label=&#8221;Texte &#8211; Brasseur d\u2019air et climatisation : un mariage de raison ?&#8221; _builder_version=&#8221;4.16&#8243; text_font=&#8221;Montserrat||||||||&#8221; ul_font=&#8221;||||||||&#8221; header_font=&#8221;||||||||&#8221; header_2_font=&#8221;Montserrat|700||on|||||&#8221; header_2_text_color=&#8221;#235ba8&#8243; header_2_font_size=&#8221;24px&#8221; header_2_line_height=&#8221;1.2em&#8221; header_3_font=&#8221;Montserrat|500|||||||&#8221; header_3_text_color=&#8221;#0facee&#8221; header_3_font_size=&#8221;20px&#8221; header_3_line_height=&#8221;1.1em&#8221; header_4_font=&#8221;Montserrat|500|||||||&#8221; header_4_font_size=&#8221;16px&#8221; header_4_line_height=&#8221;1.1em&#8221; text_orientation=&#8221;justified&#8221; custom_margin=&#8221;||20px||false|false&#8221; z_index_tablet=&#8221;500&#8243; global_colors_info=&#8221;{}&#8221;]<\/p>\n<h2>Deckenventilatoren und Klimaanlagen: Eine Vernunftehe?<\/h2>\n<p>[\/et_pb_text][et_pb_text ul_item_indent=&#8221;40px&#8221; admin_label=&#8221;Texte &#8211; Encadr\u00e9 : Sommaire&#8221; _builder_version=&#8221;4.16&#8243; text_font=&#8221;Montserrat||||||||&#8221; ul_font=&#8221;||||||||&#8221; header_font=&#8221;||||||||&#8221; header_2_font=&#8221;Montserrat|700||on|||||&#8221; header_2_text_color=&#8221;#235ba8&#8243; header_2_font_size=&#8221;24px&#8221; header_2_line_height=&#8221;1.2em&#8221; header_3_font=&#8221;Montserrat|500|||||||&#8221; header_3_text_color=&#8221;#333&#8243; header_3_font_size=&#8221;18px&#8221; header_3_line_height=&#8221;1.1em&#8221; header_4_font=&#8221;Montserrat||||||||&#8221; header_4_font_size=&#8221;16px&#8221; header_4_line_height=&#8221;1.5em&#8221; background_color=&#8221;rgba(15,172,238,0.18)&#8221; text_orientation=&#8221;justified&#8221; custom_margin=&#8221;||40px||false|false&#8221; custom_padding=&#8221;18px|20px|18px|20px|true|true&#8221; z_index_tablet=&#8221;500&#8243; box_shadow_style=&#8221;preset2&#8243; locked=&#8221;off&#8221; global_colors_info=&#8221;{}&#8221;]<\/p>\n<h4>Es ist Sommer und in dieser Jahreszeit ist ein wenig thermischer Komfort sehr willkommen.<br \/>\nBei dieser Gelegenheit steht die Frage nach der Kopplung von Deckenventilatoren und Klimaanlagen auf der Tagesordnung.<br \/>\nZugegeben, es gibt einen echten physischen Unterschied zwischen diesen Systemen. Auf der energetischen Ebene hat die Luftumw\u00e4lzung kaum Auswirkungen, w\u00e4hrend die Klimaanlage einen hohen Verbrauch aufweist.<br \/>\nLassen Sie uns gemeinsam einen Blick auf die Kombination von Klimaanlagen und Bel\u00fcftung in der warmen Jahreszeit werfen.<\/h4>\n<p>[\/et_pb_text][\/et_pb_column][\/et_pb_row][et_pb_row _builder_version=&#8221;4.16&#8243; background_size=&#8221;initial&#8221; background_position=&#8221;top_left&#8221; background_repeat=&#8221;repeat&#8221; custom_padding=&#8221;0px||14px||false|false&#8221; global_colors_info=&#8221;{}&#8221;][et_pb_column type=&#8221;4_4&#8243; _builder_version=&#8221;4.16&#8243; custom_padding=&#8221;|||&#8221; global_colors_info=&#8221;{}&#8221; custom_padding__hover=&#8221;|||&#8221;][et_pb_text ul_item_indent=&#8221;40px&#8221; admin_label=&#8221;Texte &#8211; Ilet du Centre : innovation \u00e0 tous les \u00e9tages&#8221; _builder_version=&#8221;4.16&#8243; text_font=&#8221;Montserrat||||||||&#8221; ul_font=&#8221;||||||||&#8221; header_font=&#8221;||||||||&#8221; header_2_font=&#8221;Montserrat|700||on|||||&#8221; header_2_text_color=&#8221;#235ba8&#8243; header_2_font_size=&#8221;24px&#8221; header_2_line_height=&#8221;1.2em&#8221; header_3_font=&#8221;Montserrat|500|||||||&#8221; header_3_text_color=&#8221;#0facee&#8221; header_3_font_size=&#8221;20px&#8221; header_3_line_height=&#8221;1.1em&#8221; header_4_font=&#8221;Montserrat|500|||||||&#8221; header_4_line_height=&#8221;1.1em&#8221; text_orientation=&#8221;justified&#8221; custom_margin=&#8221;||29px||false|false&#8221; z_index_tablet=&#8221;500&#8243; global_colors_info=&#8221;{}&#8221;]<\/p>\n<h3>Passive und bioklimatische Gestaltung, um den Einsatz von Klimaanlagen zu vermeiden?<\/h3>\n<p>Eine optimierte Geb\u00e4udeplanung, die auf die Prinzipien der passiven Planung <a href=\"#_ftn1\" name=\"_ftnref1\">[1]<\/a>und des Bioklimatismus <a href=\"#_ftn2\" name=\"_ftnref2\">[2]<\/a> zur\u00fcckgreift, hat oft zum Ziel, den Einsatz von Klimaanlagen einzuschr\u00e4nken oder sogar ganz zu vermeiden.<\/p>\n<p>Die dynamische thermische Simulation (DTS), die immer h\u00e4ufiger von W\u00e4rmeplanungsb\u00fcros durchgef\u00fchrt wird, bezieht die Eigenschaften des Geb\u00e4udes und seiner Umgebung mit ein. Auch die interne W\u00e4rmezufuhr wird ber\u00fccksichtigt, sei es durch den Betrieb von Systemen (Beleuchtung, Computer usw.) oder durch die K\u00f6rperw\u00e4rme der Menschen selbst (zwischen 80 und 100 W pro Person). Die STD erm\u00f6glicht es daher, die Stunden, <strong>in denen es im Sommer ungem\u00fctlich wird, f\u00fcr jeden Raum einzeln abzusch\u00e4tzen<\/strong>.<\/p>\n<p>Bei neuen Wohnungen oder Bildungseinrichtungen dr\u00e4ngen <strong>die Vorschriften \u00fcbrigens seit einigen Jahren ganz klar darauf, Klimaanlagen zu vermeiden<\/strong>.<\/p>\n<p>In einem passiven und bioklimatischen Design wird die Bew\u00e4ltigung hoher Temperaturen oft mit dem Einbau von Deckenventilatoren verbunden, die allein schon f\u00fcr ausreichend Komfort f\u00fcr die Bewohner sorgen.<\/p>\n<p><em>Es gibt jedoch viele F\u00e4lle, in denen dieses ideale Schema an seine Grenzen st\u00f6\u00dft.<\/em><\/p>\n<p><a href=\"#_ftnref1\" name=\"_ftn1\">[1]<\/a> Energieverbrauch im Winter und Sommer nahe Null<\/p>\n<p><a href=\"#_ftnref2\" name=\"_ftn2\">[2]<\/a> Ber\u00fccksichtigung des Standorts<\/p>\n<p>[\/et_pb_text][et_pb_text ul_item_indent=&#8221;40px&#8221; admin_label=&#8221;Texte &#8211; Ilet du Centre : innovation \u00e0 tous les \u00e9tages&#8221; _builder_version=&#8221;4.16&#8243; text_font=&#8221;Montserrat||||||||&#8221; ul_font=&#8221;||||||||&#8221; header_font=&#8221;||||||||&#8221; header_2_font=&#8221;Montserrat|700||on|||||&#8221; header_2_text_color=&#8221;#235ba8&#8243; header_2_font_size=&#8221;24px&#8221; header_2_line_height=&#8221;1.2em&#8221; header_3_font=&#8221;Montserrat|500|||||||&#8221; header_3_text_color=&#8221;#0facee&#8221; header_3_font_size=&#8221;20px&#8221; header_3_line_height=&#8221;1.1em&#8221; header_4_font=&#8221;Montserrat|500|||||||&#8221; header_4_line_height=&#8221;1.1em&#8221; text_orientation=&#8221;justified&#8221; custom_margin=&#8221;||29px||false|false&#8221; z_index_tablet=&#8221;500&#8243; global_colors_info=&#8221;{}&#8221;]<\/p>\n<h3>Bestehende Geb\u00e4ude: Wie geht man mit Unbehaglichkeit im Sommer um?<\/h3>\n<p>Einige \u00e4ltere Geb\u00e4ude mit sehr dicken Mauern und daher hoher Tr\u00e4gheit k\u00f6nnen Hitzeperioden ohne Klimaanlagen recht gut \u00fcberstehen, wenn die Bewohner einfache Praktiken anwenden. Ein Beispiel daf\u00fcr ist die Begrenzung der Sonneneinstrahlung durch geschlossene Fensterl\u00e4den.<\/p>\n<p>Leider wird in vielen F\u00e4llen, insbesondere bei Geb\u00e4uden aus der Zeit von 1948-1974, das Unbehagen aufgrund einer geringen Tr\u00e4gheit oder <strong>gro\u00dfer Fensterfl\u00e4chen<\/strong> unertr\u00e4glich. Wenn es keine umfassende Renovierung gibt, die den Sommerkomfort einbezieht, werden Klimaanlagen an den Fassaden installiert.<\/p>\n<p>Der Betrieb dieser K\u00fchleinheiten verschlimmert die ber\u00fcchtigten &#8220;st\u00e4dtischen W\u00e4rmeinseln&#8221;, \u00fcberhitzte Zonen, die alle m\u00f6glichen M\u00e4ngel auf sich vereinen. Die dunklen Asphaltb\u00f6den speichern die Sonnenenergie, die fehlende Vegetation verhindert die Evapotranspiration &#8230; und die Kompressoren der Klimaanlagen schicken die W\u00e4rme nach au\u00dfen, wodurch eine R\u00fcckkopplungsschleife entsteht, ein Teufelskreis, aus dem es einen Ausweg geben m\u00fcsste.<\/p>\n<p>[\/et_pb_text][et_pb_text ul_item_indent=&#8221;40px&#8221; admin_label=&#8221;Texte &#8211; Ilet du Centre : innovation \u00e0 tous les \u00e9tages&#8221; _builder_version=&#8221;4.16&#8243; text_font=&#8221;Montserrat||||||||&#8221; ul_font=&#8221;||||||||&#8221; header_font=&#8221;||||||||&#8221; header_2_font=&#8221;Montserrat|700||on|||||&#8221; header_2_text_color=&#8221;#235ba8&#8243; header_2_font_size=&#8221;24px&#8221; header_2_line_height=&#8221;1.2em&#8221; header_3_font=&#8221;Montserrat|500|||||||&#8221; header_3_text_color=&#8221;#0facee&#8221; header_3_font_size=&#8221;20px&#8221; header_3_line_height=&#8221;1.1em&#8221; header_4_font=&#8221;Montserrat|500|||||||&#8221; header_4_line_height=&#8221;1.1em&#8221; text_orientation=&#8221;justified&#8221; custom_margin=&#8221;||29px||false|false&#8221; z_index_tablet=&#8221;500&#8243; global_colors_info=&#8221;{}&#8221;]<\/p>\n<h3>Neue Geb\u00e4ude: Gute Absichten und die Realit\u00e4t<\/h3>\n<p>An einer Stra\u00dfenecke eine Warze: ein Klimakompressor an einem \u00f6kologisch konzipierten Geb\u00e4ude. Oder ein neues \u00d6ko-Viertel, in dem die Klimaanlagen nachtr\u00e4glich eingebaut wurden. Oder der Klassiker: die falsche Klimaanlage &#8220;im reinen Heizbetrieb&#8221;, die gem\u00e4\u00df den W\u00e4rmevorschriften theoretisch nur f\u00fcr die Heizung bestimmt ist. Nach der Abnahme des Geb\u00e4udes und der Bescheinigung der Konformit\u00e4t mit den Vorschriften kommt ein selbstgef\u00e4lliger Techniker, um die Anlage zu entriegeln, damit sie im K\u00fchlmodus arbeitet. Mit freundlicher Unterst\u00fctzung der Hersteller von Klimaanlagen, die genau wissen, woran sie sind.<\/p>\n<p>[\/et_pb_text][et_pb_image src=&#8221;https:\/\/www.exhale-fans.com\/wp-content\/uploads\/2022\/02\/brasseur-air-carte-h3-h2d-bis.jpg&#8221; alt=&#8221;zone RE2020 H3 H2D brasseur air&#8221; title_text=&#8221;brasseur-air-carte-h3-h2d-bis&#8221; align=&#8221;center&#8221; _builder_version=&#8221;4.16&#8243; _module_preset=&#8221;default&#8221; global_colors_info=&#8221;{}&#8221;][\/et_pb_image][et_pb_text ul_item_indent=&#8221;40px&#8221; admin_label=&#8221;Texte &#8211; Ilet du Centre : innovation \u00e0 tous les \u00e9tages&#8221; _builder_version=&#8221;4.16&#8243; text_font=&#8221;Montserrat||||||||&#8221; ul_font=&#8221;||||||||&#8221; header_font=&#8221;||||||||&#8221; header_2_font=&#8221;Montserrat|700||on|||||&#8221; header_2_text_color=&#8221;#235ba8&#8243; header_2_font_size=&#8221;24px&#8221; header_2_line_height=&#8221;1.2em&#8221; header_3_font=&#8221;Montserrat|500|||||||&#8221; header_3_text_color=&#8221;#0facee&#8221; header_3_font_size=&#8221;20px&#8221; header_3_line_height=&#8221;1.1em&#8221; header_4_font=&#8221;Montserrat|500|||||||&#8221; header_4_line_height=&#8221;1.1em&#8221; text_orientation=&#8221;center&#8221; custom_margin=&#8221;||29px||false|false&#8221; z_index_tablet=&#8221;500&#8243; global_colors_info=&#8221;{}&#8221;]<\/p>\n<p><em>In der Zone H3\/H2D (Mittelmeerbogen) sind Deckenventilatoren im Sommerkomfort unumg\u00e4nglich, um die Anforderungen der RE2020 zu erf\u00fcllen.<\/em><\/p>\n<p>[\/et_pb_text][et_pb_text ul_item_indent=&#8221;40px&#8221; admin_label=&#8221;Texte &#8211; Ilet du Centre : innovation \u00e0 tous les \u00e9tages&#8221; _builder_version=&#8221;4.16&#8243; text_font=&#8221;Montserrat||||||||&#8221; ul_font=&#8221;||||||||&#8221; header_font=&#8221;||||||||&#8221; header_2_font=&#8221;Montserrat|700||on|||||&#8221; header_2_text_color=&#8221;#235ba8&#8243; header_2_font_size=&#8221;24px&#8221; header_2_line_height=&#8221;1.2em&#8221; header_3_font=&#8221;Montserrat|500|||||||&#8221; header_3_text_color=&#8221;#0facee&#8221; header_3_font_size=&#8221;20px&#8221; header_3_line_height=&#8221;1.1em&#8221; header_4_font=&#8221;Montserrat|500|||||||&#8221; header_4_line_height=&#8221;1.1em&#8221; text_orientation=&#8221;justified&#8221; custom_margin=&#8221;||29px||false|false&#8221; z_index_tablet=&#8221;500&#8243; global_colors_info=&#8221;{}&#8221;]<\/p>\n<h3>Klimawandel: Klimatisierung als Vorbereitung auf eine unausweichliche Erw\u00e4rmung?<\/h3>\n<p>Die be\u00e4ngstigenden Reden \u00fcber die globale Erw\u00e4rmung und die steigenden Erwartungen an den thermischen Komfort f\u00fchren zu einer traurigen Realit\u00e4t. Klimaanlagen werden immer h\u00e4ufiger eingesetzt<a href=\"#_ftn3\" name=\"_ftnref3\"><span>[3]<\/span><\/a>.<\/p>\n<p><a href=\"#_ftnref3\" name=\"_ftn3\"><span>[3]<\/span><\/a> Siehe <a href=\"http:\/\/www.energies-renouvelables.org\/observ-er\/etudes\/Observ-ER-Marche-2019-PAC-CET-20200914.pdf\">Observ&#8217;ER-Studie, Marktbeobachtung 2019 f\u00fcr individuelle W\u00e4rmepumpen<\/a>: Seite 20[\/et_pb_text][et_pb_text ul_item_indent=&#8221;40px&#8221; admin_label=&#8221;Texte &#8211; Ilet du Centre : innovation \u00e0 tous les \u00e9tages&#8221; _builder_version=&#8221;4.16&#8243; text_font=&#8221;Montserrat||||||||&#8221; ul_font=&#8221;||||||||&#8221; header_font=&#8221;||||||||&#8221; header_2_font=&#8221;Montserrat|700||on|||||&#8221; header_2_text_color=&#8221;#235ba8&#8243; header_2_font_size=&#8221;24px&#8221; header_2_line_height=&#8221;1.2em&#8221; header_3_font=&#8221;Montserrat|500|||||||&#8221; header_3_text_color=&#8221;#0facee&#8221; header_3_font_size=&#8221;20px&#8221; header_3_line_height=&#8221;1.1em&#8221; header_4_font=&#8221;Montserrat|500|||||||&#8221; header_4_line_height=&#8221;1.1em&#8221; text_orientation=&#8221;justified&#8221; custom_margin=&#8221;||29px||false|false&#8221; z_index_tablet=&#8221;500&#8243; global_colors_info=&#8221;{}&#8221;]<\/p>\n<h3>Frankreich in \u00dcbersee: Klimaanlage im Sommer unumg\u00e4nglich?<\/h3>\n<p>In den \u00dcberseedepartements, die in der intertropischen Zone liegen, sind die Sommer oft sehr hei\u00df (und feucht, was das thermische Unbehagen verst\u00e4rkt).<\/p>\n<p>In diesen Gebieten ist der Mischbetrieb von Klimaanlage und Deckenventilator bereits weit verbreitet und kann f\u00fcr die gem\u00e4\u00dfigten Zonen lehrreich sein.<\/p>\n<p>[\/et_pb_text][et_pb_text ul_item_indent=&#8221;40px&#8221; admin_label=&#8221;Texte &#8211; Ilet du Centre : innovation \u00e0 tous les \u00e9tages&#8221; _builder_version=&#8221;4.16&#8243; text_font=&#8221;Montserrat||||||||&#8221; ul_font=&#8221;||||||||&#8221; header_font=&#8221;||||||||&#8221; header_2_font=&#8221;Montserrat|700||on|||||&#8221; header_2_text_color=&#8221;#235ba8&#8243; header_2_font_size=&#8221;24px&#8221; header_2_line_height=&#8221;1.2em&#8221; header_3_font=&#8221;Montserrat|500|||||||&#8221; header_3_text_color=&#8221;#0facee&#8221; header_3_font_size=&#8221;20px&#8221; header_3_line_height=&#8221;1.1em&#8221; header_4_font=&#8221;Montserrat|500|||||||&#8221; header_4_line_height=&#8221;1.1em&#8221; text_orientation=&#8221;justified&#8221; custom_margin=&#8221;||29px||false|false&#8221; z_index_tablet=&#8221;500&#8243; global_colors_info=&#8221;{}&#8221;]<\/p>\n<h3>Deckenventilatoren und Luftgeschwindigkeit: Wie wirkt sich das auf die gef\u00fchlte Temperatur aus?<\/h3>\n<p>Das Vorhandensein von Deckenventilatoren erm\u00f6glicht einen Gewinn an gef\u00fchlter Temperatur in Abh\u00e4ngigkeit von der Luftgeschwindigkeit.<\/p>\n<p>Wie der Woods L\u00fcftungsleitfaden zeigt, f\u00fchrt eine Luftgeschwindigkeit von 0,7 m\/s zu einem Gewinn von 2 \u00b0C bei der gef\u00fchlten Temperatur.<\/p>\n<p>&nbsp;<\/p>\n<table>\n<tbody>\n<tr>\n<td style=\"text-align: center;\"><strong>Luftgeschwindigkeit (m\/s)<\/strong><\/td>\n<td style=\"text-align: center;\"><strong>\u00c4quivalente K\u00fchlung (\u00b0C)<\/strong><\/td>\n<\/tr>\n<tr>\n<td style=\"text-align: center;\">0,1<\/td>\n<td style=\"text-align: center;\">0<\/td>\n<\/tr>\n<tr>\n<td style=\"text-align: center;\">0,3<\/td>\n<td style=\"text-align: center;\">1<\/td>\n<\/tr>\n<tr>\n<td style=\"text-align: center;\">0,7<\/td>\n<td style=\"text-align: center;\">2<\/td>\n<\/tr>\n<tr>\n<td style=\"text-align: center;\">1,0<\/td>\n<td style=\"text-align: center;\">3<\/td>\n<\/tr>\n<tr>\n<td style=\"text-align: center;\">1,6<\/td>\n<td style=\"text-align: center;\">4<\/td>\n<\/tr>\n<\/tbody>\n<\/table>\n<p style=\"text-align: center;\"><em>Abbildung 1 &#8211; Werte aus dem Praktischen Leitfaden zur Bel\u00fcftung &#8211; Woods, g\u00fcltig f\u00fcr durchschnittliche Feuchtigkeits- und Bekleidungsbedingungen<\/em><\/p>\n<p>[\/et_pb_text][\/et_pb_column][\/et_pb_row][et_pb_row disabled_on=&#8221;off|off|off&#8221; _builder_version=&#8221;4.16&#8243; background_size=&#8221;initial&#8221; background_position=&#8221;top_left&#8221; background_repeat=&#8221;repeat&#8221; custom_padding=&#8221;0px||14px||false|false&#8221; global_colors_info=&#8221;{}&#8221;][et_pb_column type=&#8221;4_4&#8243; _builder_version=&#8221;4.16&#8243; custom_padding=&#8221;|||&#8221; global_colors_info=&#8221;{}&#8221; custom_padding__hover=&#8221;|||&#8221;][et_pb_text ul_item_indent=&#8221;40px&#8221; disabled_on=&#8221;off|off|off&#8221; admin_label=&#8221;Texte &#8211; Ilet du Centre : innovation \u00e0 tous les \u00e9tages&#8221; _builder_version=&#8221;4.16&#8243; text_font=&#8221;Montserrat||||||||&#8221; ul_font=&#8221;||||||||&#8221; header_font=&#8221;||||||||&#8221; header_2_font=&#8221;Montserrat|700||on|||||&#8221; header_2_text_color=&#8221;#235ba8&#8243; header_2_font_size=&#8221;24px&#8221; header_2_line_height=&#8221;1.2em&#8221; header_3_font=&#8221;Montserrat|500|||||||&#8221; header_3_text_color=&#8221;#0facee&#8221; header_3_font_size=&#8221;20px&#8221; header_3_line_height=&#8221;1.1em&#8221; header_4_font=&#8221;Montserrat|500|||||||&#8221; header_4_line_height=&#8221;1.1em&#8221; text_orientation=&#8221;justified&#8221; custom_margin=&#8221;||29px||false|false&#8221; z_index_tablet=&#8221;500&#8243; global_colors_info=&#8221;{}&#8221;]<\/p>\n<h3>Erh\u00f6hen Sie den Sollwert der Klimaanlage, um den Energieverbrauch zu senken.<\/h3>\n<p>Nehmen wir einen 20 m\u00b2 gro\u00dfen Raum mit einer Deckenh\u00f6he von 2,50 m\u00b2, was einem Volumen von 50 m3 entspricht.<\/p>\n<p>In diesem Raum reicht in der Regel ein einfacher Deckenventilator aus, um den gew\u00fcnschten Komfort zu erreichen. Bei Deckenventilatoren mit guter Leistung liegt die Leistung bei maximaler Drehzahl nahe bei 50 W.<\/p>\n<p>Bei der Klimatisierung liegt der Bedarf je nach Art der Bausubstanz im Allgemeinen zwischen 25 und 50 W pro m3. Dies entspricht einer minimalen Leistung von 1250 W und einer maximalen Leistung von 2500 W.<\/p>\n<p>So entspricht ein Deckenventilator bei gleichem Volumen zwischen 1\/20 und 1\/50 der Leistung einer Klimaanlage.<\/p>\n<p>Es ist klar, dass jedes Grad, das durch den Deckenventilator gewonnen wird, zu Einsparungen bei den Klimaanlagen f\u00fchren wird.<\/p>\n<p>Eine <a href=\"https:\/\/www.exhale-fans.com\/pro\/ressources\/\" target=\"_blank\" rel=\"noopener noreferrer\">amerikanische Studie<\/a>, die durch zahlreiche Beitr\u00e4ge aus der Praxis gest\u00fctzt wird, sch\u00e4tzt daher die Einsparungen beim Energieverbrauch pro Grad Klimaanlagensollwert auf 7 bis 10 %.<\/p>\n<p>Auf der Website des CBE (Center For the Built Environment) der Universit\u00e4t Berkeley in Kalifornien ist ein Tool online, mit dem die Auswirkungen von \u00c4nderungen der Klimasollwerte auf VRV-Systeme (Variable Refrigerant Volume) gemessen werden sollen.<\/p>\n<p><a href=\"https:\/\/energy-calc-2wmjqjatpa-uc.a.run.app\/\" target=\"_blank\" rel=\"noopener noreferrer\">Mit dem hier verf\u00fcgbaren Tool<\/a> k\u00f6nnen Sie die Sollwerte f\u00fcr Heizen und K\u00fchlen einstellen.<\/p>\n<p>[\/et_pb_text][et_pb_image src=&#8221;https:\/\/www.exhale-fans.com\/wp-content\/uploads\/2021\/09\/brasseurs-d-air-et-climatisation-exhale-02.jpg&#8221; title_text=&#8221;brasseurs-d-air-et-climatisation-exhale-02&#8243; show_bottom_space=&#8221;off&#8221; align=&#8221;center&#8221; _builder_version=&#8221;4.16&#8243; _module_preset=&#8221;default&#8221; custom_margin=&#8221;||15px||false|false&#8221; custom_padding=&#8221;||||false|false&#8221; global_colors_info=&#8221;{}&#8221;][\/et_pb_image][et_pb_text ul_item_indent=&#8221;40px&#8221; admin_label=&#8221;Texte &#8211; Ilet du Centre : innovation \u00e0 tous les \u00e9tages&#8221; _builder_version=&#8221;4.16&#8243; text_font=&#8221;Montserrat||||||||&#8221; ul_font=&#8221;||||||||&#8221; header_font=&#8221;||||||||&#8221; header_2_font=&#8221;Montserrat|700||on|||||&#8221; header_2_text_color=&#8221;#235ba8&#8243; header_2_font_size=&#8221;24px&#8221; header_2_line_height=&#8221;1.2em&#8221; header_3_font=&#8221;Montserrat|500|||||||&#8221; header_3_text_color=&#8221;#0facee&#8221; header_3_font_size=&#8221;20px&#8221; header_3_line_height=&#8221;1.1em&#8221; header_4_font=&#8221;Montserrat|500|||||||&#8221; header_4_line_height=&#8221;1.1em&#8221; text_orientation=&#8221;justified&#8221; custom_margin=&#8221;0px||29px||false|false&#8221; custom_padding=&#8221;||||false|false&#8221; z_index_tablet=&#8221;500&#8243; global_colors_info=&#8221;{}&#8221;]<\/p>\n<p style=\"text-align: center;\"><em>Abbildung 2: Ansicht des EBC-Sollwert-Rechners, im Chrome-Browser<\/em><\/p>\n<p>Es zeigt sich also, dass eine Erh\u00f6hung des K\u00fchlsollwerts um 2 \u00b0C zu einer Einsparung von 22,3 % f\u00fchrt. Beachten Sie, dass es sich bei dem in der Grafik erw\u00e4hnten Ventilator a priori um die Hilfsger\u00e4te der VRV handelt, nicht um die Deckenventilatoren.<\/p>\n<p>Um Simulationen f\u00fcr andere St\u00e4dte in Frankreich durchzuf\u00fchren, k\u00f6nnen Sie <a href=\"https:\/\/fr.weatherspark.com\/compare\/y\/51593~1098\/Comparaison-de-la-m%C3%A9t%C3%A9o-habituelle-%C3%A0-Marseille-et-San-Jos%C3%A9\" target=\"_blank\" rel=\"noopener noreferrer\">einen Wettervergleichsrechner verwenden<\/a>.<\/p>\n<p>Das hier vorgestellte Beispiel zeigt, dass in dem Ma\u00dfe, in dem eine Luftgeschwindigkeit von 0,7 m\/s 2\u00b0C des Klimasollwerts einspart und der Verbrauch der Deckenventilatoren einen vernachl\u00e4ssigbaren Teil des Verbrauchs der Klimaanlage ausmacht, ein Gewinn zwischen 7 und 10% pro Erh\u00f6hung des Klimasollwerts um ein Grad durchaus stimmig erscheint.<\/p>\n<p>[\/et_pb_text][et_pb_text ul_item_indent=&#8221;40px&#8221; disabled_on=&#8221;off|off|off&#8221; admin_label=&#8221;Texte &#8211; Ilet du Centre : innovation \u00e0 tous les \u00e9tages&#8221; _builder_version=&#8221;4.16&#8243; text_font=&#8221;Montserrat||||||||&#8221; ul_font=&#8221;||||||||&#8221; header_font=&#8221;||||||||&#8221; header_2_font=&#8221;Montserrat|700||on|||||&#8221; header_2_text_color=&#8221;#235ba8&#8243; header_2_font_size=&#8221;24px&#8221; header_2_line_height=&#8221;1.2em&#8221; header_3_font=&#8221;Montserrat|500|||||||&#8221; header_3_text_color=&#8221;#0facee&#8221; header_3_font_size=&#8221;20px&#8221; header_3_line_height=&#8221;1.1em&#8221; header_4_font=&#8221;Montserrat|500|||||||&#8221; header_4_line_height=&#8221;1.1em&#8221; text_orientation=&#8221;justified&#8221; custom_margin=&#8221;||29px||false|false&#8221; z_index_tablet=&#8221;500&#8243; global_colors_info=&#8221;{}&#8221;]<\/p>\n<h3>Destratifizieren, um die Frische besser zu homogenisieren<\/h3>\n<p>Die von den Klimaanlagen ausgestrahlte K\u00e4lte hat eine nat\u00fcrliche Tendenz, nach unten zu sinken. Ein Deckenventilator wird die kalte Luft besser im Raum verteilen und somit die Erh\u00f6hung des Sollwerts erleichtern.<\/p>\n<p>[\/et_pb_text][et_pb_text ul_item_indent=&#8221;40px&#8221; disabled_on=&#8221;off|off|off&#8221; admin_label=&#8221;Texte &#8211; Ilet du Centre : innovation \u00e0 tous les \u00e9tages&#8221; _builder_version=&#8221;4.16&#8243; text_font=&#8221;Montserrat||||||||&#8221; ul_font=&#8221;||||||||&#8221; header_font=&#8221;||||||||&#8221; header_2_font=&#8221;Montserrat|700||on|||||&#8221; header_2_text_color=&#8221;#235ba8&#8243; header_2_font_size=&#8221;24px&#8221; header_2_line_height=&#8221;1.2em&#8221; header_3_font=&#8221;Montserrat|500|||||||&#8221; header_3_text_color=&#8221;#0facee&#8221; header_3_font_size=&#8221;20px&#8221; header_3_line_height=&#8221;1.1em&#8221; header_4_font=&#8221;Montserrat|500|||||||&#8221; header_4_line_height=&#8221;1.1em&#8221; text_orientation=&#8221;justified&#8221; custom_margin=&#8221;||29px||false|false&#8221; z_index_tablet=&#8221;500&#8243; global_colors_info=&#8221;{}&#8221;]<\/p>\n<h3>Gerichtete Kaltluftstr\u00f6me unterbrechen<\/h3>\n<p>Einige Klimaanlagen neigen dazu, Luftstr\u00f6me zu erzeugen, die f\u00fcr Personen, die sich in der kalten Str\u00f6mung befinden, unangenehm sind. <\/p>\n<p>Die Umw\u00e4lzrate (Verh\u00e4ltnis zwischen Luftstrom und Raumvolumen) liegt bei Klimaanlagen bei maximal 5 Volumenstr\u00f6men pro Stunde, w\u00e4hrend ein Luftumw\u00e4lzer bei maximaler Geschwindigkeit eine Umw\u00e4lzrate von 138 Volumenstr\u00f6men pro Stunde aufweist<a href=\"#_ftn4\" name=\"_ftnref4\"><span>[4]<\/span><\/a>. Dadurch wird der kalte Strahl gebrochen und besser im Raum verteilt. <\/p>\n<p><a href=\"#_ftnref4\" name=\"_ftn4\"><span>[4]<\/span><\/a> Basierend auf einem Luftstrom von 6900 m3\/h bei einem Raumvolumen von 50 m3.[\/et_pb_text][et_pb_text ul_item_indent=&#8221;40px&#8221; disabled_on=&#8221;off|off|off&#8221; admin_label=&#8221;Texte &#8211; Ilet du Centre : innovation \u00e0 tous les \u00e9tages&#8221; _builder_version=&#8221;4.16&#8243; text_font=&#8221;Montserrat||||||||&#8221; ul_font=&#8221;||||||||&#8221; header_font=&#8221;||||||||&#8221; header_2_font=&#8221;Montserrat|700||on|||||&#8221; header_2_text_color=&#8221;#235ba8&#8243; header_2_font_size=&#8221;24px&#8221; header_2_line_height=&#8221;1.2em&#8221; header_3_font=&#8221;Montserrat|500|||||||&#8221; header_3_text_color=&#8221;#0facee&#8221; header_3_font_size=&#8221;20px&#8221; header_3_line_height=&#8221;1.1em&#8221; header_4_font=&#8221;Montserrat|500|||||||&#8221; header_4_line_height=&#8221;1.1em&#8221; text_orientation=&#8221;justified&#8221; custom_margin=&#8221;||29px||false|false&#8221; z_index_tablet=&#8221;500&#8243; global_colors_info=&#8221;{}&#8221;]<\/p>\n<h3>Die gelungene Kombination aus Klimaanlage und Deckenventilator<\/h3>\n<p>Es sei nat\u00fcrlich daran erinnert, dass eine gute Planung von Geb\u00e4uden, sowohl bei Neubauten als auch bei Renovierungen, den Einsatz von Klimaanlagen einschr\u00e4nken oder ganz ausschlie\u00dfen kann.<\/p>\n<p>In den F\u00e4llen, in denen dies nicht m\u00f6glich ist, kann Energie gespart und gleichzeitig ein besserer thermischer Komfort erreicht werden, indem die K\u00e4lteerzeugung und die Luftumw\u00e4lzung gekoppelt werden.<\/p>\n<p>[\/et_pb_text][\/et_pb_column][\/et_pb_row][\/et_pb_section][et_pb_section fb_built=&#8221;1&#8243; module_id=&#8221;contact&#8221; _builder_version=&#8221;4.16&#8243; custom_margin=&#8221;||||false|false&#8221; custom_padding=&#8221;||5px||false|false&#8221; border_width_all=&#8221;1px&#8221; locked=&#8221;off&#8221; global_colors_info=&#8221;{}&#8221;][et_pb_row column_structure=&#8221;1_2,1_2&#8243; _builder_version=&#8221;4.16&#8243; background_size=&#8221;initial&#8221; background_position=&#8221;top_left&#8221; background_repeat=&#8221;repeat&#8221; width=&#8221;90%&#8221; global_colors_info=&#8221;{}&#8221;][et_pb_column type=&#8221;1_2&#8243; _builder_version=&#8221;4.16&#8243; custom_padding=&#8221;|||&#8221; global_colors_info=&#8221;{}&#8221; custom_padding__hover=&#8221;|||&#8221;][et_pb_image src=&#8221;https:\/\/www.exhale-fans.com\/wp-content\/uploads\/2021\/06\/section-exhale-pro-01.jpg&#8221; alt=&#8221;Exhale Zugang zum Bereich f\u00fcr Unternehmer&#8221; title_text=&#8221;section-exhale-pro-01&#8243; align=&#8221;center&#8221; _builder_version=&#8221;4.16&#8243; _module_preset=&#8221;default&#8221; custom_margin=&#8221;-65px||0px||false|false&#8221; custom_padding=&#8221;||||false|false&#8221; global_colors_info=&#8221;{}&#8221;][\/et_pb_image][et_pb_text admin_label=&#8221;Title&#8221; _builder_version=&#8221;4.16&#8243; text_font=&#8221;Montserrat|||on|||||&#8221; text_text_color=&#8221;#0facee&#8221; text_font_size=&#8221;18px&#8221; header_2_font=&#8221;Montserrat|600||on|||||&#8221; header_2_line_height=&#8221;1.2em&#8221; text_orientation=&#8221;center&#8221; module_alignment=&#8221;center&#8221; custom_margin=&#8221;||||false|false&#8221; animation_style=&#8221;fade&#8221; global_colors_info=&#8221;{}&#8221;]<\/p>\n<p>Exhale der erste Deckenventilator mit Vortex-Effekt ohne Schaufeln<\/p>\n<p>[\/et_pb_text][\/et_pb_column][et_pb_column type=&#8221;1_2&#8243; _builder_version=&#8221;4.16&#8243; custom_padding=&#8221;|||&#8221; global_colors_info=&#8221;{}&#8221; custom_padding__hover=&#8221;|||&#8221;][et_pb_text admin_label=&#8221;Title&#8221; _builder_version=&#8221;4.16&#8243; text_font=&#8221;Montserrat||||||||&#8221; text_font_size=&#8221;18px&#8221; header_2_font=&#8221;Montserrat|600||on|||||&#8221; header_2_line_height=&#8221;1.2em&#8221; text_orientation=&#8221;center&#8221; module_alignment=&#8221;center&#8221; custom_margin=&#8221;||||false|false&#8221; animation_style=&#8221;fade&#8221; global_colors_info=&#8221;{}&#8221;]<\/p>\n<p>Sind Sie berufst\u00e4tig? Wir haben Ihnen einen eigenen Bereich gewidmet.<\/p>\n<p>[\/et_pb_text][et_pb_button button_url=&#8221;@ET-DC@eyJkeW5hbWljIjp0cnVlLCJjb250ZW50IjoicG9zdF9saW5rX3VybF9wYWdlIiwic2V0dGluZ3MiOnsicG9zdF9pZCI6IjExODY2In19@&#8221; button_text=&#8221;Zugang zum Bereich f\u00fcr Unternehmer&#8221; button_alignment=&#8221;center&#8221; disabled_on=&#8221;off|off|off&#8221; admin_label=&#8221;Bouton Boutique en ligne&#8221; _builder_version=&#8221;4.16&#8243; _dynamic_attributes=&#8221;button_url&#8221; custom_button=&#8221;on&#8221; button_text_size=&#8221;16&#8243; button_text_color=&#8221;#0a4f96&#8243; button_bg_color=&#8221;#f7f01b&#8221; button_border_width=&#8221;0px&#8221; button_border_color=&#8221;#0a4f96&#8243; button_border_radius=&#8221;4px&#8221; button_letter_spacing=&#8221;1px&#8221; button_font=&#8221;Montserrat|700||on|||||&#8221; button_icon=&#8221;&#xe0e5;||divi||400&#8243; button_icon_color=&#8221;#0a4f96&#8243; button_on_hover=&#8221;off&#8221; custom_margin=&#8221;||||false|false&#8221; custom_padding=&#8221;10px|46px|10px|27px|true|false&#8221; animation_direction=&#8221;right&#8221; z_index_tablet=&#8221;500&#8243; box_shadow_style=&#8221;preset3&#8243; saved_tabs=&#8221;all&#8221; locked=&#8221;off&#8221; global_colors_info=&#8221;{}&#8221; button_text_size__hover_enabled=&#8221;on|desktop&#8221; button_text_size__hover=&#8221;16px&#8221; button_one_text_size__hover_enabled=&#8221;off&#8221; button_one_text_size__hover=&#8221;null&#8221; button_two_text_size__hover_enabled=&#8221;off&#8221; button_two_text_size__hover=&#8221;null&#8221; button_text_color__hover_enabled=&#8221;off|desktop&#8221; button_text_color__hover=&#8221;#0a4f96&#8243; button_one_text_color__hover_enabled=&#8221;off&#8221; button_one_text_color__hover=&#8221;null&#8221; button_two_text_color__hover_enabled=&#8221;off&#8221; button_two_text_color__hover=&#8221;null&#8221; button_border_width__hover_enabled=&#8221;off&#8221; button_border_width__hover=&#8221;null&#8221; button_one_border_width__hover_enabled=&#8221;off&#8221; button_one_border_width__hover=&#8221;null&#8221; button_two_border_width__hover_enabled=&#8221;off&#8221; button_two_border_width__hover=&#8221;null&#8221; button_border_color__hover_enabled=&#8221;on&#8221; button_border_color__hover=&#8221;#747d88&#8243; button_one_border_color__hover_enabled=&#8221;off&#8221; button_one_border_color__hover=&#8221;null&#8221; button_two_border_color__hover_enabled=&#8221;off&#8221; button_two_border_color__hover=&#8221;null&#8221; button_border_radius__hover_enabled=&#8221;off&#8221; button_border_radius__hover=&#8221;null&#8221; button_one_border_radius__hover_enabled=&#8221;off&#8221; button_one_border_radius__hover=&#8221;null&#8221; button_two_border_radius__hover_enabled=&#8221;off&#8221; button_two_border_radius__hover=&#8221;null&#8221; button_letter_spacing__hover_enabled=&#8221;on|desktop&#8221; button_letter_spacing__hover=&#8221;1px&#8221; button_one_letter_spacing__hover_enabled=&#8221;off&#8221; button_one_letter_spacing__hover=&#8221;null&#8221; button_two_letter_spacing__hover_enabled=&#8221;off&#8221; button_two_letter_spacing__hover=&#8221;null&#8221; button_bg_color__hover_enabled=&#8221;on|hover&#8221; button_bg_color__hover=&#8221;#f7f01b&#8221; button_one_bg_color__hover_enabled=&#8221;off&#8221; button_one_bg_color__hover=&#8221;null&#8221; button_two_bg_color__hover_enabled=&#8221;off&#8221; button_two_bg_color__hover=&#8221;null&#8221; custom_padding__hover_enabled=&#8221;on|hover&#8221; custom_padding__hover=&#8221;7px|41px|7px|22px|true|false&#8221; button_bg_enable_color__hover=&#8221;on&#8221; custom_margin__hover_enabled=&#8221;on|hover&#8221; custom_margin__hover=&#8221;3px||3px||false|false&#8221;][\/et_pb_button][et_pb_text admin_label=&#8221;Title&#8221; _builder_version=&#8221;4.16&#8243; text_font=&#8221;Montserrat||||||||&#8221; text_font_size=&#8221;16px&#8221; header_2_font=&#8221;Montserrat|600||on|||||&#8221; header_2_line_height=&#8221;1.2em&#8221; text_orientation=&#8221;center&#8221; module_alignment=&#8221;center&#8221; custom_margin=&#8221;||||false|false&#8221; custom_padding=&#8221;12px||||false|false&#8221; animation_style=&#8221;fade&#8221; global_colors_info=&#8221;{}&#8221;]<\/p>\n<p>Finden Sie Exhale Fans Europe auf <a href=\"https:\/\/www.linkedin.com\/company\/exhale-europe\/\" target=\"_blank\" rel=\"noopener noreferrer\">Linkedin<\/a><\/p>\n<p>[\/et_pb_text][\/et_pb_column][\/et_pb_row][\/et_pb_section][et_pb_section fb_built=&#8221;1&#8243; module_id=&#8221;contact&#8221; _builder_version=&#8221;4.16&#8243; custom_margin=&#8221;||||false|false&#8221; custom_padding=&#8221;||||false|false&#8221; locked=&#8221;off&#8221; global_colors_info=&#8221;{}&#8221;][et_pb_row _builder_version=&#8221;4.16&#8243; background_size=&#8221;initial&#8221; background_position=&#8221;top_left&#8221; background_repeat=&#8221;repeat&#8221; global_colors_info=&#8221;{}&#8221;][et_pb_column type=&#8221;4_4&#8243; _builder_version=&#8221;4.16&#8243; custom_padding=&#8221;|||&#8221; global_colors_info=&#8221;{}&#8221; custom_padding__hover=&#8221;|||&#8221;][et_pb_text admin_label=&#8221;Title&#8221; _builder_version=&#8221;4.21.0&#8243; text_font=&#8221;Montserrat||||||||&#8221; header_2_font=&#8221;Montserrat|600||on|||||&#8221; header_2_line_height=&#8221;1.2em&#8221; text_orientation=&#8221;center&#8221; module_alignment=&#8221;center&#8221; custom_margin=&#8221;||0px|&#8221; animation_style=&#8221;fade&#8221; hover_enabled=&#8221;0&#8243; global_colors_info=&#8221;{}&#8221; sticky_enabled=&#8221;0&#8243;]<\/p>\n<h2>Haben Sie Fragen? Fragen Sie unsere Experten!<\/h2>\n<p>[\/et_pb_text][\/et_pb_column][\/et_pb_row][et_pb_row column_structure=&#8221;1_5,3_5,1_5&#8243; _builder_version=&#8221;4.16&#8243; background_size=&#8221;initial&#8221; background_position=&#8221;top_left&#8221; background_repeat=&#8221;repeat&#8221; global_colors_info=&#8221;{}&#8221;][et_pb_column type=&#8221;1_5&#8243; _builder_version=&#8221;4.16&#8243; custom_padding=&#8221;|||&#8221; global_colors_info=&#8221;{}&#8221; custom_padding__hover=&#8221;|||&#8221;][\/et_pb_column][et_pb_column type=&#8221;3_5&#8243; _builder_version=&#8221;4.16&#8243; custom_padding=&#8221;|||&#8221; global_colors_info=&#8221;{}&#8221; custom_padding__hover=&#8221;|||&#8221;][et_pb_contact_form captcha=&#8221;off&#8221; email=&#8221;info@exhale-europe.com&#8221; custom_message=&#8221;Exhale-fans.com Allemagne : Blog &#8211; D\u00e9stratification de l&apos;air||et_pb_line_break_holder||||et_pb_line_break_holder||Nom : %%Last_Name%%||et_pb_line_break_holder||Pr\u00e9nom : %%First_Name%%||et_pb_line_break_holder||Email : %%email%%||et_pb_line_break_holder||T\u00e9l\u00e9phone : %%telephone%%||et_pb_line_break_holder||Code postal : %%postal%%||et_pb_line_break_holder||Ville : %%ville%%||et_pb_line_break_holder||Message : %%Message%%||et_pb_line_break_holder||||et_pb_line_break_holder||%%Field_8%%&#8221; submit_button_text=&#8221;Senden&#8221; module_id=&#8221;et_pb_contact_form_0&#8243; _builder_version=&#8221;4.21.0&#8243; _unique_id=&#8221;89655375-6562-4902-8610-e300f15dab0a&#8221; form_field_background_color=&#8221;#f2f2f2&#8243; form_field_font=&#8221;Montserrat||||||||&#8221; form_field_font_size=&#8221;16px&#8221; button_icon=&#8221;&#x24;||divi||400&#8243; max_width=&#8221;750px&#8221; module_alignment=&#8221;center&#8221; animation_style=&#8221;fade&#8221; z_index_tablet=&#8221;500&#8243; form_background_color=&#8221;#f2f2f2&#8243; global_colors_info=&#8221;{}&#8221;][et_pb_contact_field field_id=&#8221;Last_Name&#8221; field_title=&#8221;Name&#8221; _builder_version=&#8221;4.16&#8243; form_field_font=&#8221;||||||||&#8221; max_width=&#8221;100%&#8221; max_width_tablet=&#8221;100%&#8221; max_width_phone=&#8221;100%&#8221; global_colors_info=&#8221;{}&#8221; button_text_size__hover_enabled=&#8221;off&#8221; button_one_text_size__hover_enabled=&#8221;off&#8221; button_two_text_size__hover_enabled=&#8221;off&#8221; button_text_color__hover_enabled=&#8221;off&#8221; button_one_text_color__hover_enabled=&#8221;off&#8221; button_two_text_color__hover_enabled=&#8221;off&#8221; button_border_width__hover_enabled=&#8221;off&#8221; button_one_border_width__hover_enabled=&#8221;off&#8221; button_two_border_width__hover_enabled=&#8221;off&#8221; button_border_color__hover_enabled=&#8221;off&#8221; button_one_border_color__hover_enabled=&#8221;off&#8221; button_two_border_color__hover_enabled=&#8221;off&#8221; button_border_radius__hover_enabled=&#8221;off&#8221; button_one_border_radius__hover_enabled=&#8221;off&#8221; button_two_border_radius__hover_enabled=&#8221;off&#8221; button_letter_spacing__hover_enabled=&#8221;off&#8221; button_one_letter_spacing__hover_enabled=&#8221;off&#8221; button_two_letter_spacing__hover_enabled=&#8221;off&#8221; button_bg_color__hover_enabled=&#8221;off&#8221; button_one_bg_color__hover_enabled=&#8221;off&#8221; button_two_bg_color__hover_enabled=&#8221;off&#8221;][\/et_pb_contact_field][et_pb_contact_field field_id=&#8221;First_Name&#8221; field_title=&#8221;Vorname&#8221; _builder_version=&#8221;4.16&#8243; form_field_font=&#8221;||||||||&#8221; max_width=&#8221;100%&#8221; max_width_tablet=&#8221;100%&#8221; max_width_phone=&#8221;100%&#8221; global_colors_info=&#8221;{}&#8221; button_text_size__hover_enabled=&#8221;off&#8221; button_one_text_size__hover_enabled=&#8221;off&#8221; button_two_text_size__hover_enabled=&#8221;off&#8221; button_text_color__hover_enabled=&#8221;off&#8221; button_one_text_color__hover_enabled=&#8221;off&#8221; button_two_text_color__hover_enabled=&#8221;off&#8221; button_border_width__hover_enabled=&#8221;off&#8221; button_one_border_width__hover_enabled=&#8221;off&#8221; button_two_border_width__hover_enabled=&#8221;off&#8221; button_border_color__hover_enabled=&#8221;off&#8221; button_one_border_color__hover_enabled=&#8221;off&#8221; button_two_border_color__hover_enabled=&#8221;off&#8221; button_border_radius__hover_enabled=&#8221;off&#8221; button_one_border_radius__hover_enabled=&#8221;off&#8221; button_two_border_radius__hover_enabled=&#8221;off&#8221; button_letter_spacing__hover_enabled=&#8221;off&#8221; button_one_letter_spacing__hover_enabled=&#8221;off&#8221; button_two_letter_spacing__hover_enabled=&#8221;off&#8221; button_bg_color__hover_enabled=&#8221;off&#8221; button_one_bg_color__hover_enabled=&#8221;off&#8221; button_two_bg_color__hover_enabled=&#8221;off&#8221;][\/et_pb_contact_field][et_pb_contact_field field_id=&#8221;email&#8221; field_title=&#8221;Email Adresse&#8221; field_type=&#8221;email&#8221; _builder_version=&#8221;4.16&#8243; form_field_font=&#8221;||||||||&#8221; max_width=&#8221;100%&#8221; max_width_tablet=&#8221;100%&#8221; max_width_phone=&#8221;100%&#8221; global_colors_info=&#8221;{}&#8221; button_text_size__hover_enabled=&#8221;off&#8221; button_one_text_size__hover_enabled=&#8221;off&#8221; button_two_text_size__hover_enabled=&#8221;off&#8221; button_text_color__hover_enabled=&#8221;off&#8221; button_one_text_color__hover_enabled=&#8221;off&#8221; button_two_text_color__hover_enabled=&#8221;off&#8221; button_border_width__hover_enabled=&#8221;off&#8221; button_one_border_width__hover_enabled=&#8221;off&#8221; button_two_border_width__hover_enabled=&#8221;off&#8221; button_border_color__hover_enabled=&#8221;off&#8221; button_one_border_color__hover_enabled=&#8221;off&#8221; button_two_border_color__hover_enabled=&#8221;off&#8221; button_border_radius__hover_enabled=&#8221;off&#8221; button_one_border_radius__hover_enabled=&#8221;off&#8221; button_two_border_radius__hover_enabled=&#8221;off&#8221; button_letter_spacing__hover_enabled=&#8221;off&#8221; button_one_letter_spacing__hover_enabled=&#8221;off&#8221; button_two_letter_spacing__hover_enabled=&#8221;off&#8221; button_bg_color__hover_enabled=&#8221;off&#8221; button_one_bg_color__hover_enabled=&#8221;off&#8221; button_two_bg_color__hover_enabled=&#8221;off&#8221;][\/et_pb_contact_field][et_pb_contact_field field_id=&#8221;telephone&#8221; field_title=&#8221;Telefonnummer&#8221; _builder_version=&#8221;4.16&#8243; form_field_font=&#8221;||||||||&#8221; max_width=&#8221;100%&#8221; max_width_tablet=&#8221;100%&#8221; max_width_phone=&#8221;100%&#8221; global_colors_info=&#8221;{}&#8221; button_text_size__hover_enabled=&#8221;off&#8221; button_one_text_size__hover_enabled=&#8221;off&#8221; button_two_text_size__hover_enabled=&#8221;off&#8221; button_text_color__hover_enabled=&#8221;off&#8221; button_one_text_color__hover_enabled=&#8221;off&#8221; button_two_text_color__hover_enabled=&#8221;off&#8221; button_border_width__hover_enabled=&#8221;off&#8221; button_one_border_width__hover_enabled=&#8221;off&#8221; button_two_border_width__hover_enabled=&#8221;off&#8221; button_border_color__hover_enabled=&#8221;off&#8221; button_one_border_color__hover_enabled=&#8221;off&#8221; button_two_border_color__hover_enabled=&#8221;off&#8221; button_border_radius__hover_enabled=&#8221;off&#8221; button_one_border_radius__hover_enabled=&#8221;off&#8221; button_two_border_radius__hover_enabled=&#8221;off&#8221; button_letter_spacing__hover_enabled=&#8221;off&#8221; button_one_letter_spacing__hover_enabled=&#8221;off&#8221; button_two_letter_spacing__hover_enabled=&#8221;off&#8221; button_bg_color__hover_enabled=&#8221;off&#8221; button_one_bg_color__hover_enabled=&#8221;off&#8221; button_two_bg_color__hover_enabled=&#8221;off&#8221;][\/et_pb_contact_field][et_pb_contact_field field_id=&#8221;postal&#8221; field_title=&#8221;Postleitzahl&#8221; _builder_version=&#8221;4.16&#8243; form_field_font=&#8221;||||||||&#8221; max_width=&#8221;100%&#8221; max_width_tablet=&#8221;100%&#8221; max_width_phone=&#8221;100%&#8221; global_colors_info=&#8221;{}&#8221; button_text_size__hover_enabled=&#8221;off&#8221; button_one_text_size__hover_enabled=&#8221;off&#8221; button_two_text_size__hover_enabled=&#8221;off&#8221; button_text_color__hover_enabled=&#8221;off&#8221; button_one_text_color__hover_enabled=&#8221;off&#8221; button_two_text_color__hover_enabled=&#8221;off&#8221; button_border_width__hover_enabled=&#8221;off&#8221; button_one_border_width__hover_enabled=&#8221;off&#8221; button_two_border_width__hover_enabled=&#8221;off&#8221; button_border_color__hover_enabled=&#8221;off&#8221; button_one_border_color__hover_enabled=&#8221;off&#8221; button_two_border_color__hover_enabled=&#8221;off&#8221; button_border_radius__hover_enabled=&#8221;off&#8221; button_one_border_radius__hover_enabled=&#8221;off&#8221; button_two_border_radius__hover_enabled=&#8221;off&#8221; button_letter_spacing__hover_enabled=&#8221;off&#8221; button_one_letter_spacing__hover_enabled=&#8221;off&#8221; button_two_letter_spacing__hover_enabled=&#8221;off&#8221; button_bg_color__hover_enabled=&#8221;off&#8221; button_one_bg_color__hover_enabled=&#8221;off&#8221; button_two_bg_color__hover_enabled=&#8221;off&#8221;][\/et_pb_contact_field][et_pb_contact_field field_id=&#8221;ville&#8221; field_title=&#8221;Stadt&#8221; _builder_version=&#8221;4.16&#8243; form_field_font=&#8221;||||||||&#8221; max_width=&#8221;100%&#8221; max_width_tablet=&#8221;100%&#8221; max_width_phone=&#8221;100%&#8221; global_colors_info=&#8221;{}&#8221; button_text_size__hover_enabled=&#8221;off&#8221; button_one_text_size__hover_enabled=&#8221;off&#8221; button_two_text_size__hover_enabled=&#8221;off&#8221; button_text_color__hover_enabled=&#8221;off&#8221; button_one_text_color__hover_enabled=&#8221;off&#8221; button_two_text_color__hover_enabled=&#8221;off&#8221; button_border_width__hover_enabled=&#8221;off&#8221; button_one_border_width__hover_enabled=&#8221;off&#8221; button_two_border_width__hover_enabled=&#8221;off&#8221; button_border_color__hover_enabled=&#8221;off&#8221; button_one_border_color__hover_enabled=&#8221;off&#8221; button_two_border_color__hover_enabled=&#8221;off&#8221; button_border_radius__hover_enabled=&#8221;off&#8221; button_one_border_radius__hover_enabled=&#8221;off&#8221; button_two_border_radius__hover_enabled=&#8221;off&#8221; button_letter_spacing__hover_enabled=&#8221;off&#8221; button_one_letter_spacing__hover_enabled=&#8221;off&#8221; button_two_letter_spacing__hover_enabled=&#8221;off&#8221; button_bg_color__hover_enabled=&#8221;off&#8221; button_one_bg_color__hover_enabled=&#8221;off&#8221; button_two_bg_color__hover_enabled=&#8221;off&#8221;][\/et_pb_contact_field][et_pb_contact_field field_id=&#8221;Message&#8221; field_title=&#8221;Ihre Nachricht&#8221; field_type=&#8221;text&#8221; fullwidth_field=&#8221;on&#8221; _builder_version=&#8221;4.16&#8243; form_field_font=&#8221;||||||||&#8221; max_width=&#8221;100%&#8221; max_width_tablet=&#8221;100%&#8221; max_width_phone=&#8221;100%&#8221; global_colors_info=&#8221;{}&#8221; button_text_size__hover_enabled=&#8221;off&#8221; button_one_text_size__hover_enabled=&#8221;off&#8221; button_two_text_size__hover_enabled=&#8221;off&#8221; button_text_color__hover_enabled=&#8221;off&#8221; button_one_text_color__hover_enabled=&#8221;off&#8221; button_two_text_color__hover_enabled=&#8221;off&#8221; button_border_width__hover_enabled=&#8221;off&#8221; button_one_border_width__hover_enabled=&#8221;off&#8221; button_two_border_width__hover_enabled=&#8221;off&#8221; button_border_color__hover_enabled=&#8221;off&#8221; button_one_border_color__hover_enabled=&#8221;off&#8221; button_two_border_color__hover_enabled=&#8221;off&#8221; button_border_radius__hover_enabled=&#8221;off&#8221; button_one_border_radius__hover_enabled=&#8221;off&#8221; button_two_border_radius__hover_enabled=&#8221;off&#8221; button_letter_spacing__hover_enabled=&#8221;off&#8221; button_one_letter_spacing__hover_enabled=&#8221;off&#8221; button_two_letter_spacing__hover_enabled=&#8221;off&#8221; button_bg_color__hover_enabled=&#8221;off&#8221; button_one_bg_color__hover_enabled=&#8221;off&#8221; button_two_bg_color__hover_enabled=&#8221;off&#8221;][\/et_pb_contact_field][\/et_pb_contact_form][\/et_pb_column][et_pb_column type=&#8221;1_5&#8243; _builder_version=&#8221;4.16&#8243; custom_padding=&#8221;|||&#8221; global_colors_info=&#8221;{}&#8221; custom_padding__hover=&#8221;|||&#8221;][\/et_pb_column][\/et_pb_row][\/et_pb_section]<\/p>\n","protected":false},"excerpt":{"rendered":"<p>Ein bisschen thermischer Komfort ist willkommen. Die Frage nach der Kopplung von Deckenventilatoren und Klimaanlagen steht auf der Tagesordnung. Zugegeben, es gibt einen echten physischen Unterschied zwischen diesen Systemen. Auf der energetischen Ebene hat die Luftumw\u00e4lzung kaum Auswirkungen, w\u00e4hrend die Klimaanlage einen hohen Verbrauch aufweist. Lassen Sie uns gemeinsam einen Blick auf die Kombination von Klimaanlagen und Bel\u00fcftung in der warmen Jahreszeit werfen.<\/p>\n","protected":false},"author":2,"featured_media":17198,"comment_status":"closed","ping_status":"open","sticky":false,"template":"","format":"standard","meta":{"_et_pb_use_builder":"on","_et_pb_old_content":"","_et_gb_content_width":"","footnotes":""},"categories":[146,107],"tags":[],"class_list":["post-32548","post","type-post","status-publish","format-standard","has-post-thumbnail","hentry","category-blog-de-pro-plus","category-blog-pro-de"],"yoast_head":"<!-- This site is optimized with the Yoast SEO plugin v26.6 - https:\/\/yoast.com\/wordpress\/plugins\/seo\/ -->\n<title>Deckenventilatoren und Klimaanlagen: Eine Vernunftehe? - Exhale Fans<\/title>\n<meta name=\"robots\" content=\"index, follow, max-snippet:-1, max-image-preview:large, max-video-preview:-1\" \/>\n<link rel=\"canonical\" href=\"https:\/\/www.exhale-fans.com\/de\/deckenventilatoren-und-klimaanlagen-eine-vernunftehe\/\" \/>\n<meta property=\"og:locale\" content=\"de_DE\" \/>\n<meta property=\"og:type\" content=\"article\" \/>\n<meta property=\"og:title\" content=\"Deckenventilatoren und Klimaanlagen: Eine Vernunftehe? - Exhale Fans\" \/>\n<meta property=\"og:description\" content=\"Ein bisschen thermischer Komfort ist willkommen. Die Frage nach der Kopplung von Deckenventilatoren und Klimaanlagen steht auf der Tagesordnung. Zugegeben, es gibt einen echten physischen Unterschied zwischen diesen Systemen. Auf der energetischen Ebene hat die Luftumw\u00e4lzung kaum Auswirkungen, w\u00e4hrend die Klimaanlage einen hohen Verbrauch aufweist. Lassen Sie uns gemeinsam einen Blick auf die Kombination von Klimaanlagen und Bel\u00fcftung in der warmen Jahreszeit werfen.\" \/>\n<meta property=\"og:url\" content=\"https:\/\/www.exhale-fans.com\/de\/deckenventilatoren-und-klimaanlagen-eine-vernunftehe\/\" \/>\n<meta property=\"og:site_name\" content=\"Exhale Fans\" \/>\n<meta property=\"article:publisher\" content=\"https:\/\/www.facebook.com\/exhale.europe\" \/>\n<meta property=\"article:published_time\" content=\"2021-09-02T14:16:33+00:00\" \/>\n<meta property=\"article:modified_time\" content=\"2024-01-24T15:18:14+00:00\" \/>\n<meta property=\"og:image\" content=\"https:\/\/www.exhale-fans.com\/wp-content\/uploads\/2021\/09\/brasseurs-d-air-et-climatisation-epousailles-exhale.jpg\" \/>\n\t<meta property=\"og:image:width\" content=\"1080\" \/>\n\t<meta property=\"og:image:height\" content=\"552\" \/>\n\t<meta property=\"og:image:type\" content=\"image\/jpeg\" \/>\n<meta name=\"author\" content=\"Exhale Fans Europe\" \/>\n<meta name=\"twitter:card\" content=\"summary_large_image\" \/>\n<meta name=\"twitter:label1\" content=\"Verfasst von\" \/>\n\t<meta name=\"twitter:data1\" content=\"Exhale Fans Europe\" \/>\n\t<meta name=\"twitter:label2\" content=\"Gesch\u00e4tzte Lesezeit\" \/>\n\t<meta name=\"twitter:data2\" content=\"25\u00a0Minuten\" \/>\n<script type=\"application\/ld+json\" class=\"yoast-schema-graph\">{\"@context\":\"https:\/\/schema.org\",\"@graph\":[{\"@type\":\"Article\",\"@id\":\"https:\/\/www.exhale-fans.com\/de\/deckenventilatoren-und-klimaanlagen-eine-vernunftehe\/#article\",\"isPartOf\":{\"@id\":\"https:\/\/www.exhale-fans.com\/de\/deckenventilatoren-und-klimaanlagen-eine-vernunftehe\/\"},\"author\":{\"name\":\"Exhale Fans Europe\",\"@id\":\"https:\/\/www.exhale-fans.com\/de\/#\/schema\/person\/3693838ba30391ab5d72ee097e55be7e\"},\"headline\":\"Deckenventilatoren und Klimaanlagen: Eine Vernunftehe?\",\"datePublished\":\"2021-09-02T14:16:33+00:00\",\"dateModified\":\"2024-01-24T15:18:14+00:00\",\"mainEntityOfPage\":{\"@id\":\"https:\/\/www.exhale-fans.com\/de\/deckenventilatoren-und-klimaanlagen-eine-vernunftehe\/\"},\"wordCount\":4991,\"publisher\":{\"@id\":\"https:\/\/www.exhale-fans.com\/de\/#organization\"},\"image\":{\"@id\":\"https:\/\/www.exhale-fans.com\/de\/deckenventilatoren-und-klimaanlagen-eine-vernunftehe\/#primaryimage\"},\"thumbnailUrl\":\"https:\/\/www.exhale-fans.com\/wp-content\/uploads\/2021\/09\/brasseurs-d-air-et-climatisation-epousailles-exhale.jpg\",\"articleSection\":[\"Blog DE Pro PLUS\",\"Blog Pro DE\"],\"inLanguage\":\"de\"},{\"@type\":\"WebPage\",\"@id\":\"https:\/\/www.exhale-fans.com\/de\/deckenventilatoren-und-klimaanlagen-eine-vernunftehe\/\",\"url\":\"https:\/\/www.exhale-fans.com\/de\/deckenventilatoren-und-klimaanlagen-eine-vernunftehe\/\",\"name\":\"Deckenventilatoren und Klimaanlagen: Eine Vernunftehe? - Exhale Fans\",\"isPartOf\":{\"@id\":\"https:\/\/www.exhale-fans.com\/de\/#website\"},\"primaryImageOfPage\":{\"@id\":\"https:\/\/www.exhale-fans.com\/de\/deckenventilatoren-und-klimaanlagen-eine-vernunftehe\/#primaryimage\"},\"image\":{\"@id\":\"https:\/\/www.exhale-fans.com\/de\/deckenventilatoren-und-klimaanlagen-eine-vernunftehe\/#primaryimage\"},\"thumbnailUrl\":\"https:\/\/www.exhale-fans.com\/wp-content\/uploads\/2021\/09\/brasseurs-d-air-et-climatisation-epousailles-exhale.jpg\",\"datePublished\":\"2021-09-02T14:16:33+00:00\",\"dateModified\":\"2024-01-24T15:18:14+00:00\",\"breadcrumb\":{\"@id\":\"https:\/\/www.exhale-fans.com\/de\/deckenventilatoren-und-klimaanlagen-eine-vernunftehe\/#breadcrumb\"},\"inLanguage\":\"de\",\"potentialAction\":[{\"@type\":\"ReadAction\",\"target\":[\"https:\/\/www.exhale-fans.com\/de\/deckenventilatoren-und-klimaanlagen-eine-vernunftehe\/\"]}]},{\"@type\":\"ImageObject\",\"inLanguage\":\"de\",\"@id\":\"https:\/\/www.exhale-fans.com\/de\/deckenventilatoren-und-klimaanlagen-eine-vernunftehe\/#primaryimage\",\"url\":\"https:\/\/www.exhale-fans.com\/wp-content\/uploads\/2021\/09\/brasseurs-d-air-et-climatisation-epousailles-exhale.jpg\",\"contentUrl\":\"https:\/\/www.exhale-fans.com\/wp-content\/uploads\/2021\/09\/brasseurs-d-air-et-climatisation-epousailles-exhale.jpg\",\"width\":1080,\"height\":552},{\"@type\":\"BreadcrumbList\",\"@id\":\"https:\/\/www.exhale-fans.com\/de\/deckenventilatoren-und-klimaanlagen-eine-vernunftehe\/#breadcrumb\",\"itemListElement\":[{\"@type\":\"ListItem\",\"position\":1,\"name\":\"Deckenventilator\",\"item\":\"https:\/\/www.exhale-fans.com\/de\/\"},{\"@type\":\"ListItem\",\"position\":2,\"name\":\"Deckenventilatoren und Klimaanlagen: Eine Vernunftehe?\"}]},{\"@type\":\"WebSite\",\"@id\":\"https:\/\/www.exhale-fans.com\/de\/#website\",\"url\":\"https:\/\/www.exhale-fans.com\/de\/\",\"name\":\"Exhale Fans\",\"description\":\"Exhale Fans\",\"publisher\":{\"@id\":\"https:\/\/www.exhale-fans.com\/de\/#organization\"},\"potentialAction\":[{\"@type\":\"SearchAction\",\"target\":{\"@type\":\"EntryPoint\",\"urlTemplate\":\"https:\/\/www.exhale-fans.com\/de\/?s={search_term_string}\"},\"query-input\":{\"@type\":\"PropertyValueSpecification\",\"valueRequired\":true,\"valueName\":\"search_term_string\"}}],\"inLanguage\":\"de\"},{\"@type\":\"Organization\",\"@id\":\"https:\/\/www.exhale-fans.com\/de\/#organization\",\"name\":\"Exhale Fans\",\"url\":\"https:\/\/www.exhale-fans.com\/de\/\",\"logo\":{\"@type\":\"ImageObject\",\"inLanguage\":\"de\",\"@id\":\"https:\/\/www.exhale-fans.com\/de\/#\/schema\/logo\/image\/\",\"url\":\"https:\/\/www.exhale-fans.com\/wp-content\/uploads\/2018\/09\/exhale-logo.png\",\"contentUrl\":\"https:\/\/www.exhale-fans.com\/wp-content\/uploads\/2018\/09\/exhale-logo.png\",\"width\":140,\"height\":43,\"caption\":\"Exhale Fans\"},\"image\":{\"@id\":\"https:\/\/www.exhale-fans.com\/de\/#\/schema\/logo\/image\/\"},\"sameAs\":[\"https:\/\/www.facebook.com\/exhale.europe\",\"https:\/\/www.instagram.com\/exhalefanseu\/\"]},{\"@type\":\"Person\",\"@id\":\"https:\/\/www.exhale-fans.com\/de\/#\/schema\/person\/3693838ba30391ab5d72ee097e55be7e\",\"name\":\"Exhale Fans Europe\",\"image\":{\"@type\":\"ImageObject\",\"inLanguage\":\"de\",\"@id\":\"https:\/\/www.exhale-fans.com\/de\/#\/schema\/person\/image\/\",\"url\":\"https:\/\/secure.gravatar.com\/avatar\/0cc57458f76be9103b5365114139e2adbf54aafca10f9e65ff2db8ec5e0108b2?s=96&d=mm&r=g\",\"contentUrl\":\"https:\/\/secure.gravatar.com\/avatar\/0cc57458f76be9103b5365114139e2adbf54aafca10f9e65ff2db8ec5e0108b2?s=96&d=mm&r=g\",\"caption\":\"Exhale Fans Europe\"}}]}<\/script>\n<!-- \/ Yoast SEO plugin. -->","yoast_head_json":{"title":"Deckenventilatoren und Klimaanlagen: Eine Vernunftehe? - Exhale Fans","robots":{"index":"index","follow":"follow","max-snippet":"max-snippet:-1","max-image-preview":"max-image-preview:large","max-video-preview":"max-video-preview:-1"},"canonical":"https:\/\/www.exhale-fans.com\/de\/deckenventilatoren-und-klimaanlagen-eine-vernunftehe\/","og_locale":"de_DE","og_type":"article","og_title":"Deckenventilatoren und Klimaanlagen: Eine Vernunftehe? - Exhale Fans","og_description":"Ein bisschen thermischer Komfort ist willkommen. Die Frage nach der Kopplung von Deckenventilatoren und Klimaanlagen steht auf der Tagesordnung. Zugegeben, es gibt einen echten physischen Unterschied zwischen diesen Systemen. Auf der energetischen Ebene hat die Luftumw\u00e4lzung kaum Auswirkungen, w\u00e4hrend die Klimaanlage einen hohen Verbrauch aufweist. Lassen Sie uns gemeinsam einen Blick auf die Kombination von Klimaanlagen und Bel\u00fcftung in der warmen Jahreszeit werfen.","og_url":"https:\/\/www.exhale-fans.com\/de\/deckenventilatoren-und-klimaanlagen-eine-vernunftehe\/","og_site_name":"Exhale Fans","article_publisher":"https:\/\/www.facebook.com\/exhale.europe","article_published_time":"2021-09-02T14:16:33+00:00","article_modified_time":"2024-01-24T15:18:14+00:00","og_image":[{"width":1080,"height":552,"url":"https:\/\/www.exhale-fans.com\/wp-content\/uploads\/2021\/09\/brasseurs-d-air-et-climatisation-epousailles-exhale.jpg","type":"image\/jpeg"}],"author":"Exhale Fans Europe","twitter_card":"summary_large_image","twitter_misc":{"Verfasst von":"Exhale Fans Europe","Gesch\u00e4tzte Lesezeit":"25\u00a0Minuten"},"schema":{"@context":"https:\/\/schema.org","@graph":[{"@type":"Article","@id":"https:\/\/www.exhale-fans.com\/de\/deckenventilatoren-und-klimaanlagen-eine-vernunftehe\/#article","isPartOf":{"@id":"https:\/\/www.exhale-fans.com\/de\/deckenventilatoren-und-klimaanlagen-eine-vernunftehe\/"},"author":{"name":"Exhale Fans Europe","@id":"https:\/\/www.exhale-fans.com\/de\/#\/schema\/person\/3693838ba30391ab5d72ee097e55be7e"},"headline":"Deckenventilatoren und Klimaanlagen: Eine Vernunftehe?","datePublished":"2021-09-02T14:16:33+00:00","dateModified":"2024-01-24T15:18:14+00:00","mainEntityOfPage":{"@id":"https:\/\/www.exhale-fans.com\/de\/deckenventilatoren-und-klimaanlagen-eine-vernunftehe\/"},"wordCount":4991,"publisher":{"@id":"https:\/\/www.exhale-fans.com\/de\/#organization"},"image":{"@id":"https:\/\/www.exhale-fans.com\/de\/deckenventilatoren-und-klimaanlagen-eine-vernunftehe\/#primaryimage"},"thumbnailUrl":"https:\/\/www.exhale-fans.com\/wp-content\/uploads\/2021\/09\/brasseurs-d-air-et-climatisation-epousailles-exhale.jpg","articleSection":["Blog DE Pro PLUS","Blog Pro DE"],"inLanguage":"de"},{"@type":"WebPage","@id":"https:\/\/www.exhale-fans.com\/de\/deckenventilatoren-und-klimaanlagen-eine-vernunftehe\/","url":"https:\/\/www.exhale-fans.com\/de\/deckenventilatoren-und-klimaanlagen-eine-vernunftehe\/","name":"Deckenventilatoren und Klimaanlagen: Eine Vernunftehe? - Exhale Fans","isPartOf":{"@id":"https:\/\/www.exhale-fans.com\/de\/#website"},"primaryImageOfPage":{"@id":"https:\/\/www.exhale-fans.com\/de\/deckenventilatoren-und-klimaanlagen-eine-vernunftehe\/#primaryimage"},"image":{"@id":"https:\/\/www.exhale-fans.com\/de\/deckenventilatoren-und-klimaanlagen-eine-vernunftehe\/#primaryimage"},"thumbnailUrl":"https:\/\/www.exhale-fans.com\/wp-content\/uploads\/2021\/09\/brasseurs-d-air-et-climatisation-epousailles-exhale.jpg","datePublished":"2021-09-02T14:16:33+00:00","dateModified":"2024-01-24T15:18:14+00:00","breadcrumb":{"@id":"https:\/\/www.exhale-fans.com\/de\/deckenventilatoren-und-klimaanlagen-eine-vernunftehe\/#breadcrumb"},"inLanguage":"de","potentialAction":[{"@type":"ReadAction","target":["https:\/\/www.exhale-fans.com\/de\/deckenventilatoren-und-klimaanlagen-eine-vernunftehe\/"]}]},{"@type":"ImageObject","inLanguage":"de","@id":"https:\/\/www.exhale-fans.com\/de\/deckenventilatoren-und-klimaanlagen-eine-vernunftehe\/#primaryimage","url":"https:\/\/www.exhale-fans.com\/wp-content\/uploads\/2021\/09\/brasseurs-d-air-et-climatisation-epousailles-exhale.jpg","contentUrl":"https:\/\/www.exhale-fans.com\/wp-content\/uploads\/2021\/09\/brasseurs-d-air-et-climatisation-epousailles-exhale.jpg","width":1080,"height":552},{"@type":"BreadcrumbList","@id":"https:\/\/www.exhale-fans.com\/de\/deckenventilatoren-und-klimaanlagen-eine-vernunftehe\/#breadcrumb","itemListElement":[{"@type":"ListItem","position":1,"name":"Deckenventilator","item":"https:\/\/www.exhale-fans.com\/de\/"},{"@type":"ListItem","position":2,"name":"Deckenventilatoren und Klimaanlagen: Eine Vernunftehe?"}]},{"@type":"WebSite","@id":"https:\/\/www.exhale-fans.com\/de\/#website","url":"https:\/\/www.exhale-fans.com\/de\/","name":"Exhale Fans","description":"Exhale Fans","publisher":{"@id":"https:\/\/www.exhale-fans.com\/de\/#organization"},"potentialAction":[{"@type":"SearchAction","target":{"@type":"EntryPoint","urlTemplate":"https:\/\/www.exhale-fans.com\/de\/?s={search_term_string}"},"query-input":{"@type":"PropertyValueSpecification","valueRequired":true,"valueName":"search_term_string"}}],"inLanguage":"de"},{"@type":"Organization","@id":"https:\/\/www.exhale-fans.com\/de\/#organization","name":"Exhale Fans","url":"https:\/\/www.exhale-fans.com\/de\/","logo":{"@type":"ImageObject","inLanguage":"de","@id":"https:\/\/www.exhale-fans.com\/de\/#\/schema\/logo\/image\/","url":"https:\/\/www.exhale-fans.com\/wp-content\/uploads\/2018\/09\/exhale-logo.png","contentUrl":"https:\/\/www.exhale-fans.com\/wp-content\/uploads\/2018\/09\/exhale-logo.png","width":140,"height":43,"caption":"Exhale Fans"},"image":{"@id":"https:\/\/www.exhale-fans.com\/de\/#\/schema\/logo\/image\/"},"sameAs":["https:\/\/www.facebook.com\/exhale.europe","https:\/\/www.instagram.com\/exhalefanseu\/"]},{"@type":"Person","@id":"https:\/\/www.exhale-fans.com\/de\/#\/schema\/person\/3693838ba30391ab5d72ee097e55be7e","name":"Exhale Fans Europe","image":{"@type":"ImageObject","inLanguage":"de","@id":"https:\/\/www.exhale-fans.com\/de\/#\/schema\/person\/image\/","url":"https:\/\/secure.gravatar.com\/avatar\/0cc57458f76be9103b5365114139e2adbf54aafca10f9e65ff2db8ec5e0108b2?s=96&d=mm&r=g","contentUrl":"https:\/\/secure.gravatar.com\/avatar\/0cc57458f76be9103b5365114139e2adbf54aafca10f9e65ff2db8ec5e0108b2?s=96&d=mm&r=g","caption":"Exhale Fans Europe"}}]}},"_links":{"self":[{"href":"https:\/\/www.exhale-fans.com\/de\/wp-json\/wp\/v2\/posts\/32548","targetHints":{"allow":["GET"]}}],"collection":[{"href":"https:\/\/www.exhale-fans.com\/de\/wp-json\/wp\/v2\/posts"}],"about":[{"href":"https:\/\/www.exhale-fans.com\/de\/wp-json\/wp\/v2\/types\/post"}],"author":[{"embeddable":true,"href":"https:\/\/www.exhale-fans.com\/de\/wp-json\/wp\/v2\/users\/2"}],"replies":[{"embeddable":true,"href":"https:\/\/www.exhale-fans.com\/de\/wp-json\/wp\/v2\/comments?post=32548"}],"version-history":[{"count":2,"href":"https:\/\/www.exhale-fans.com\/de\/wp-json\/wp\/v2\/posts\/32548\/revisions"}],"predecessor-version":[{"id":32550,"href":"https:\/\/www.exhale-fans.com\/de\/wp-json\/wp\/v2\/posts\/32548\/revisions\/32550"}],"wp:featuredmedia":[{"embeddable":true,"href":"https:\/\/www.exhale-fans.com\/de\/wp-json\/wp\/v2\/media\/17198"}],"wp:attachment":[{"href":"https:\/\/www.exhale-fans.com\/de\/wp-json\/wp\/v2\/media?parent=32548"}],"wp:term":[{"taxonomy":"category","embeddable":true,"href":"https:\/\/www.exhale-fans.com\/de\/wp-json\/wp\/v2\/categories?post=32548"},{"taxonomy":"post_tag","embeddable":true,"href":"https:\/\/www.exhale-fans.com\/de\/wp-json\/wp\/v2\/tags?post=32548"}],"curies":[{"name":"wp","href":"https:\/\/api.w.org\/{rel}","templated":true}]}}