{"id":32672,"date":"2022-09-08T12:00:55","date_gmt":"2022-09-08T10:00:55","guid":{"rendered":"https:\/\/www.exhale-fans.com\/sommerliche-behaglichkeit-in-bildungseinrichtungen-deckenventilatoren-als-retter-in-der-not\/"},"modified":"2024-09-03T16:38:59","modified_gmt":"2024-09-03T14:38:59","slug":"sommerliche-behaglichkeit-in-bildungseinrichtungen-deckenventilatoren-als-retter-in-der-not","status":"publish","type":"post","link":"https:\/\/www.exhale-fans.com\/de\/sommerliche-behaglichkeit-in-bildungseinrichtungen-deckenventilatoren-als-retter-in-der-not\/","title":{"rendered":"Sommerliche Behaglichkeit in Bildungseinrichtungen: Deckenventilatoren als Retter in der Not?"},"content":{"rendered":"<div class=\"pdfprnt-buttons pdfprnt-buttons-post pdfprnt-top-right\"><a href=\"javascript: imageToPdf()\" class=\"pdfprnt-button pdfprnt-button-pdf\" target=\"_self\"><img decoding=\"async\" src=\"https:\/\/www.exhale-fans.com\/wp-content\/plugins\/pdf-print\/images\/pdf.png\" alt=\"image_pdf\" title=\"PDF anzeigen\" \/><span class=\"pdfprnt-button-title pdfprnt-button-pdf-title\">Download PDF<\/span><\/a><\/div><p>[et_pb_section fb_built=&#8221;1&#8243; _builder_version=&#8221;4.16&#8243; custom_padding=&#8221;7px||11px|||&#8221; z_index_tablet=&#8221;500&#8243; global_colors_info=&#8221;{}&#8221;][et_pb_row _builder_version=&#8221;4.16&#8243; background_size=&#8221;initial&#8221; background_position=&#8221;top_left&#8221; background_repeat=&#8221;repeat&#8221; custom_padding=&#8221;0px||14px||false|false&#8221; global_colors_info=&#8221;{}&#8221;][et_pb_column type=&#8221;4_4&#8243; _builder_version=&#8221;4.16&#8243; custom_padding=&#8221;|||&#8221; global_colors_info=&#8221;{}&#8221; custom_padding__hover=&#8221;|||&#8221;][et_pb_text ul_item_indent=&#8221;40px&#8221; admin_label=&#8221;Texte &#8211; Acoustique des brasseurs d\u2019air : zoom sur le label NF Habitat HQE&#8221; _builder_version=&#8221;4.23.4&#8243; text_font=&#8221;Montserrat||||||||&#8221; ul_font=&#8221;||||||||&#8221; header_font=&#8221;||||||||&#8221; header_2_font=&#8221;Montserrat|700||on|||||&#8221; header_2_text_align=&#8221;left&#8221; header_2_text_color=&#8221;#235ba8&#8243; header_2_font_size=&#8221;24px&#8221; header_2_line_height=&#8221;1.2em&#8221; header_3_font=&#8221;Montserrat|500|||||||&#8221; header_3_text_color=&#8221;#0facee&#8221; header_3_font_size=&#8221;20px&#8221; header_3_line_height=&#8221;1.1em&#8221; header_4_font=&#8221;Montserrat|500|||||||&#8221; header_4_font_size=&#8221;16px&#8221; header_4_line_height=&#8221;1.1em&#8221; text_orientation=&#8221;justified&#8221; custom_margin=&#8221;||20px||false|false&#8221; z_index_tablet=&#8221;500&#8243; global_colors_info=&#8221;{}&#8221;]<\/p>\n<h2>Sommerliche Behaglichkeit in Bildungseinrichtungen: Deckenventilatoren als Retter in der Not?<\/h2>\n<p>[\/et_pb_text][et_pb_text ul_item_indent=&#8221;40px&#8221; disabled_on=&#8221;off|off|off&#8221; admin_label=&#8221;Texte &#8211; Encadr\u00e9 : Sommaire&#8221; _builder_version=&#8221;4.16&#8243; text_font=&#8221;Montserrat||||||||&#8221; ul_font=&#8221;||||||||&#8221; header_font=&#8221;||||||||&#8221; header_2_font=&#8221;Montserrat|700||on|||||&#8221; header_2_text_color=&#8221;#235ba8&#8243; header_2_font_size=&#8221;24px&#8221; header_2_line_height=&#8221;1.2em&#8221; header_3_font=&#8221;Montserrat|500|||||||&#8221; header_3_text_color=&#8221;#333&#8243; header_3_font_size=&#8221;18px&#8221; header_3_line_height=&#8221;1.1em&#8221; header_4_font=&#8221;Montserrat||||||||&#8221; header_4_font_size=&#8221;16px&#8221; header_4_line_height=&#8221;1.5em&#8221; background_color=&#8221;rgba(15,172,238,0.18)&#8221; text_orientation=&#8221;justified&#8221; custom_margin=&#8221;||40px||false|false&#8221; custom_padding=&#8221;18px|20px|18px|20px|true|true&#8221; z_index_tablet=&#8221;500&#8243; box_shadow_style=&#8221;preset2&#8243; locked=&#8221;off&#8221; global_colors_info=&#8221;{}&#8221;]<\/p>\n<h4>Unser kollektives Ged\u00e4chtnis erinnert uns daran: Die Sommerferien sollten es den Kindern erm\u00f6glichen, ihren b\u00e4uerlichen Eltern bei der Ernte und Weinlese zu helfen.<\/h4>\n<h4>Dies galt auch noch zu Beginn des 20. Jahrhunderts: Unter der Volksfront im Jahr 1938 wurden die Sommerferien vom 15. Juli bis zum 30. September festgelegt.<\/h4>\n<h4>Seitdem hat sich die Gesellschaft weiterentwickelt. Mit dem R\u00fcckgang der franz\u00f6sischen Bauernschaft konzentrieren sich die Ferien seit den 1980er Jahren auf Juli und August, die w\u00e4rmsten Monate des Jahres.<\/h4>\n<h4>Da die Hitzeperioden jedoch manchmal schon im Mai beginnen und im September enden, sind die Bildungseinrichtungen zunehmend mit einem thermischen Unbehagen konfrontiert, das die Lernbedingungen verschlechtert.<\/h4>\n<p>[\/et_pb_text][\/et_pb_column][\/et_pb_row][\/et_pb_section][et_pb_section fb_built=&#8221;1&#8243; _builder_version=&#8221;4.16&#8243; custom_padding=&#8221;7px||11px|||&#8221; z_index_tablet=&#8221;500&#8243; global_colors_info=&#8221;{}&#8221;][et_pb_row _builder_version=&#8221;4.16&#8243; background_size=&#8221;initial&#8221; background_position=&#8221;top_left&#8221; background_repeat=&#8221;repeat&#8221; custom_padding=&#8221;0px||14px||false|false&#8221; global_colors_info=&#8221;{}&#8221;][et_pb_column type=&#8221;4_4&#8243; _builder_version=&#8221;4.16&#8243; custom_padding=&#8221;|||&#8221; global_colors_info=&#8221;{}&#8221; custom_padding__hover=&#8221;|||&#8221;][et_pb_text ul_item_indent=&#8221;40px&#8221; admin_label=&#8221;Texte &#8211; Ilet du Centre : innovation \u00e0 tous les \u00e9tages&#8221; _builder_version=&#8221;4.16&#8243; text_font=&#8221;Montserrat||||||||&#8221; ul_font=&#8221;||||||||&#8221; header_font=&#8221;||||||||&#8221; header_2_font=&#8221;Montserrat|700||on|||||&#8221; header_2_text_color=&#8221;#235ba8&#8243; header_2_font_size=&#8221;24px&#8221; header_2_line_height=&#8221;1.2em&#8221; header_3_font=&#8221;Montserrat|500|||||||&#8221; header_3_text_color=&#8221;#0facee&#8221; header_3_font_size=&#8221;20px&#8221; header_3_line_height=&#8221;1.1em&#8221; header_4_font=&#8221;Montserrat|500|||||||&#8221; header_4_line_height=&#8221;1.1em&#8221; text_orientation=&#8221;justified&#8221; custom_margin=&#8221;||20px||false|false&#8221; z_index_tablet=&#8221;500&#8243; global_colors_info=&#8221;{}&#8221;]<\/p>\n<h3>Schlecht angepasste bestehende Geb\u00e4ude<\/h3>\n<p>Erst im Jahr 2000 und mit der gleichnamigen W\u00e4rmeregelung (RT 2000) wurde der Sommerkomfort bei Neubauten endlich ber\u00fccksichtigt.<\/p>\n<p>Tats\u00e4chlich wurden die Geb\u00e4ude, die von der Nachkriegszeit bis ins neue Jahrhundert gebaut wurden, nicht f\u00fcr diese einfache Tatsache konzipiert: Es ist schwieriger zu lernen, wenn es hei\u00df ist.<\/p>\n<p>Gro\u00dfe Fenster, geringe Isolierung, wenig Sonnenschutz, selten optimierte Ausrichtung&#8230; Der Cocktail des Unbehagens ist f\u00fcr die Geb\u00e4ude des halben Jahrhunderts nach dem Zweiten Weltkrieg zusammengestellt.<\/p>\n<p>Welche L\u00f6sungen werden also m\u00f6glich, um die Situation in bestehenden Geb\u00e4uden zu verbessern?[\/et_pb_text][et_pb_text ul_item_indent=&#8221;40px&#8221; admin_label=&#8221;Texte &#8211; Ilet du Centre : innovation \u00e0 tous les \u00e9tages&#8221; _builder_version=&#8221;4.16&#8243; text_font=&#8221;Montserrat||||||||&#8221; ul_font=&#8221;||||||||&#8221; header_font=&#8221;||||||||&#8221; header_2_font=&#8221;Montserrat|700||on|||||&#8221; header_2_text_color=&#8221;#235ba8&#8243; header_2_font_size=&#8221;24px&#8221; header_2_line_height=&#8221;1.2em&#8221; header_3_font=&#8221;Montserrat|500|||||||&#8221; header_3_text_color=&#8221;#0facee&#8221; header_3_font_size=&#8221;20px&#8221; header_3_line_height=&#8221;1.1em&#8221; header_4_font=&#8221;Montserrat|500|||||||&#8221; header_4_line_height=&#8221;1.1em&#8221; text_orientation=&#8221;justified&#8221; custom_margin=&#8221;||20px||false|false&#8221; z_index_tablet=&#8221;500&#8243; global_colors_info=&#8221;{}&#8221;]<\/p>\n<h3>Luftumw\u00e4lzer (Deckenventilatoren), um das Unbehagen zu begrenzen?<\/h3>\n<p>Viele Schulen und Hochschulen nutzen die Gelegenheit, im Zuge einer umfassenden energetischen Sanierung, die sich in der Regel auf den Winterkomfort konzentriert, auch den Sommerkomfort zu verbessern, insbesondere durch den Einbau von leistungsf\u00e4higen Sonnenschutzvorrichtungen oder selektiven Verglasungen. Leider wird bei den Arbeiten an der Bausubstanz selten die n\u00e4here Umgebung einbezogen: Die H\u00f6fe sind meist betoniert und die Klassenzimmer befinden sich inmitten von W\u00e4rmeinseln. Die Begr\u00fcnung, ein offensichtlicher Faktor zur Verbesserung der sommerlichen W\u00e4rme, kommt leider nur sehr langsam voran. Aktive L\u00f6sungen wie Klimaanlagen sind generell verboten. Unter diesen Bedingungen erscheinen Deckenventilatoren, die sich bereits in Kinderg\u00e4rten, Schulen, Gymnasien, Hochschulen und Universit\u00e4ten in den franz\u00f6sischen \u00dcberseegebieten bew\u00e4hrt haben, als ein funktionierendes Instrument. Der Hauptvorteil ist wohlbekannt: Die Luftgeschwindigkeit f\u00fchrt zu einem sofortigen Anstieg des empfundenen thermischen Komforts. Seit Jahren werden zahlreiche Arbeiten durchgef\u00fchrt, um dies genau zu bewerten. Die untenstehende Tabelle aus dem Woods-L\u00fcftungsleitfaden ist einfach zu handhaben.<\/p>\n<p>[\/et_pb_text][et_pb_image src=&#8221;https:\/\/www.exhale-fans.com\/wp-content\/uploads\/2024\/02\/DE-diagramme-guide-ventilation-wood-01.jpg&#8221; title_text=&#8221;diagramme-guide-ventilation-wood-01&#8243; _builder_version=&#8221;4.16&#8243; _module_preset=&#8221;default&#8221; global_colors_info=&#8221;{}&#8221;][\/et_pb_image][et_pb_text ul_item_indent=&#8221;40px&#8221; admin_label=&#8221;Texte &#8211; Ilet du Centre : innovation \u00e0 tous les \u00e9tages&#8221; _builder_version=&#8221;4.16&#8243; text_font=&#8221;Montserrat||||||||&#8221; ul_font=&#8221;||||||||&#8221; header_font=&#8221;||||||||&#8221; header_2_font=&#8221;Montserrat|700||on|||||&#8221; header_2_text_color=&#8221;#235ba8&#8243; header_2_font_size=&#8221;24px&#8221; header_2_line_height=&#8221;1.2em&#8221; header_3_font=&#8221;Montserrat|500|||||||&#8221; header_3_text_color=&#8221;#0facee&#8221; header_3_font_size=&#8221;20px&#8221; header_3_line_height=&#8221;1.1em&#8221; header_4_font=&#8221;Montserrat|500|||||||&#8221; header_4_line_height=&#8221;1.1em&#8221; text_orientation=&#8221;justified&#8221; custom_margin=&#8221;||20px||false|false&#8221; z_index_tablet=&#8221;500&#8243; global_colors_info=&#8221;{}&#8221;]<\/p>\n<p><em>Abbildung 1 &#8211; Diagramm aus dem <a href=\"https:\/\/energieplus-lesite.be\/theories\/confort11\/le-confort-thermique-d1\/#Confort_et_vitesse_de_lair\" target=\"_blank\" rel=\"noopener\">Woods Ventilation Guide<\/a><\/em><\/p>\n<p>[\/et_pb_text][et_pb_text ul_item_indent=&#8221;40px&#8221; admin_label=&#8221;Texte &#8211; Ilet du Centre : innovation \u00e0 tous les \u00e9tages&#8221; _builder_version=&#8221;4.16&#8243; text_font=&#8221;Montserrat||||||||&#8221; ul_font=&#8221;||||||||&#8221; header_font=&#8221;||||||||&#8221; header_2_font=&#8221;Montserrat|700||on|||||&#8221; header_2_text_color=&#8221;#235ba8&#8243; header_2_font_size=&#8221;24px&#8221; header_2_line_height=&#8221;1.2em&#8221; header_3_font=&#8221;Montserrat|500|||||||&#8221; header_3_text_color=&#8221;#0facee&#8221; header_3_font_size=&#8221;20px&#8221; header_3_line_height=&#8221;1.1em&#8221; header_4_font=&#8221;Montserrat|500|||||||&#8221; header_4_line_height=&#8221;1.1em&#8221; text_orientation=&#8221;justified&#8221; custom_margin=&#8221;||20px||false|false&#8221; z_index_tablet=&#8221;500&#8243; global_colors_info=&#8221;{}&#8221;]<\/p>\n<p>Die Arbeiten zum thermischen Komfort im Sommer, die im <a href=\"https:\/\/www.asso-iceb.org\/wp-content\/uploads\/2014\/04\/guide_bio_tech_confort_d_ete_passif.pdf\" target=\"_blank\" rel=\"noopener\">ICEB-Leitfaden zum passiven Sommerkomfort vorgestellt werden<\/a>,haben im Laufe der Jahre Fortschritte gemacht, und die Normen ASHRAE 55 (USA) und EN 16-798 (Europa) erm\u00f6glichen es nun, die positiven Auswirkungen der Luftgeschwindigkeit auf die Bewohner der betroffenen R\u00e4ume ziemlich genau zu bewerten. Das vom Zentrum f\u00fcr Geb\u00e4udeumwelt der Universit\u00e4t Berkeley in Kalifornien entwickelte Werkzeug ist \u00fcbrigens besonders gut durchdacht. Es ist hier <a href=\"https:\/\/comfort.cbe.berkeley.edu\/EN\">ici<\/a><a href=\"#_edn1\" name=\"_ednref1\">[i]<\/a>zug\u00e4nglich.<\/p>\n<p>[\/et_pb_text][et_pb_image src=&#8221;https:\/\/www.exhale-fans.com\/wp-content\/uploads\/2022\/09\/confort-thermique-berkeley-30-08-2022.jpg&#8221; title_text=&#8221;confort-thermique-berkeley-30-08-2022&#8243; _builder_version=&#8221;4.16&#8243; _module_preset=&#8221;default&#8221; global_colors_info=&#8221;{}&#8221;][\/et_pb_image][et_pb_text ul_item_indent=&#8221;40px&#8221; admin_label=&#8221;Texte &#8211; Ilet du Centre : innovation \u00e0 tous les \u00e9tages&#8221; _builder_version=&#8221;4.16&#8243; text_font=&#8221;Montserrat||||||||&#8221; ul_font=&#8221;||||||||&#8221; header_font=&#8221;||||||||&#8221; header_2_font=&#8221;Montserrat|700||on|||||&#8221; header_2_text_color=&#8221;#235ba8&#8243; header_2_font_size=&#8221;24px&#8221; header_2_line_height=&#8221;1.2em&#8221; header_3_font=&#8221;Montserrat|500|||||||&#8221; header_3_text_color=&#8221;#0facee&#8221; header_3_font_size=&#8221;20px&#8221; header_3_line_height=&#8221;1.1em&#8221; header_4_font=&#8221;Montserrat|500|||||||&#8221; header_4_line_height=&#8221;1.1em&#8221; text_orientation=&#8221;justified&#8221; custom_margin=&#8221;||20px||false|false&#8221; z_index_tablet=&#8221;500&#8243; global_colors_info=&#8221;{}&#8221;]<\/p>\n<p><em>Abbildung 2 &#8211; Visualisierung des Tools zur thermischen Behaglichkeit der Universit\u00e4t Berkeley<\/em><\/p>\n<p>[\/et_pb_text][\/et_pb_column][\/et_pb_row][et_pb_row _builder_version=&#8221;4.16&#8243; background_size=&#8221;initial&#8221; background_position=&#8221;top_left&#8221; background_repeat=&#8221;repeat&#8221; custom_padding=&#8221;0px||14px||false|false&#8221; global_colors_info=&#8221;{}&#8221;][et_pb_column type=&#8221;4_4&#8243; _builder_version=&#8221;4.16&#8243; custom_padding=&#8221;|||&#8221; global_colors_info=&#8221;{}&#8221; custom_padding__hover=&#8221;|||&#8221;][et_pb_text ul_item_indent=&#8221;40px&#8221; admin_label=&#8221;Texte &#8211; Ilet du Centre : innovation \u00e0 tous les \u00e9tages&#8221; _builder_version=&#8221;4.16&#8243; text_font=&#8221;Montserrat||||||||&#8221; ul_font=&#8221;||||||||&#8221; header_font=&#8221;||||||||&#8221; header_2_font=&#8221;Montserrat|700||on|||||&#8221; header_2_text_color=&#8221;#235ba8&#8243; header_2_font_size=&#8221;24px&#8221; header_2_line_height=&#8221;1.2em&#8221; header_3_font=&#8221;Montserrat|500|||||||&#8221; header_3_text_color=&#8221;#0facee&#8221; header_3_font_size=&#8221;20px&#8221; header_3_line_height=&#8221;1.1em&#8221; header_4_font=&#8221;Montserrat|500|||||||&#8221; header_4_line_height=&#8221;1.1em&#8221; text_orientation=&#8221;justified&#8221; custom_margin=&#8221;||20px||false|false&#8221; z_index_tablet=&#8221;500&#8243; global_colors_info=&#8221;{}&#8221;]<\/p>\n<h3>Die Stadt Toulon (Frankreich) als Vorbild?<\/h3>\n<p>n der Region Var hat sich die Stadtverwaltung von Toulon daf\u00fcr entschieden, in einigen ihrer Schulen eine Testkampagne mit Luftbefeuchtern durchzuf\u00fchren, wie <a href=\"https:\/\/www.francetvinfo.fr\/meteo\/canicule\/canicule-a-toulon-la-mairie-tente-de-faire-baisser-la-temperature-dans-les-ecoles_5304451.html\" target=\"_blank\" rel=\"noopener\">France Info in seinem Artikel vom 13. August 2022 berichtet<\/a>. Die Stadtverwaltung hat im \u00dcbrigen eine breite und relevante Vision zur Bek\u00e4mpfung von Hitzewellen angewandt, die einen Strau\u00df sehr praktischer L\u00f6sungen integriert, die die Luftbefeuchter erg\u00e4nzen:<\/p>\n<ul>\n<li>Wei\u00dfer Anstrich der D\u00e4cher, um die R\u00fcckstrahlung der Sonnenstrahlen in die Atmosph\u00e4re zu f\u00f6rdern (die hohe Albedo sorgt daf\u00fcr, dass die lokale Erw\u00e4rmung begrenzt wird),<\/li>\n<li>N\u00e4chtliche \u00dcberventilation (nat\u00fcrlich, mechanisch oder hybrid)<a href=\"#_edn2\" name=\"_ednref2\">[ii]<\/a>,<\/li>\n<li>Sonnenschutz,<\/li>\n<li>UV-Filter.<\/li>\n<\/ul>\n<p>Wie der f\u00fcr Schulgeb\u00e4ude zust\u00e4ndige Beigeordnete Erick Mascaro erl\u00e4uterte, ist es das Ziel der Stadt, alle diese Ger\u00e4te ab Fr\u00fchjahr 2023 an allen 84 Schulen in Toulon einzuf\u00fchren, je nachdem, wie die Ergebnisse in den ersten ausgestatteten Klassen ausfallen. Andere Bauherren haben \u00fcbrigens \u00e4hnliche Schritte mit Testklassen eingeleitet: die Region Okzitanien, das D\u00e9partement Bouches-du-Rh\u00f4ne, das D\u00e9partement Hautes-Pyr\u00e9n\u00e9es, das D\u00e9partement Ain, das D\u00e9partement H\u00e9rault sowie die St\u00e4dte Nizza, Lyon, Grenoble, Toulouse, Montpellier&#8230;<\/p>\n<p>[\/et_pb_text][et_pb_image src=&#8221;https:\/\/www.exhale-fans.com\/wp-content\/uploads\/2022\/09\/Toulon-confort-thermique-enseignement-01.jpg&#8221; title_text=&#8221;Toulon-confort-thermique-enseignement-01&#8243; _builder_version=&#8221;4.16&#8243; _module_preset=&#8221;default&#8221; global_colors_info=&#8221;{}&#8221;][\/et_pb_image][et_pb_text ul_item_indent=&#8221;40px&#8221; admin_label=&#8221;Texte &#8211; Ilet du Centre : innovation \u00e0 tous les \u00e9tages&#8221; _builder_version=&#8221;4.16&#8243; text_font=&#8221;Montserrat||||||||&#8221; ul_font=&#8221;||||||||&#8221; header_font=&#8221;||||||||&#8221; header_2_font=&#8221;Montserrat|700||on|||||&#8221; header_2_text_color=&#8221;#235ba8&#8243; header_2_font_size=&#8221;24px&#8221; header_2_line_height=&#8221;1.2em&#8221; header_3_font=&#8221;Montserrat|500|||||||&#8221; header_3_text_color=&#8221;#0facee&#8221; header_3_font_size=&#8221;20px&#8221; header_3_line_height=&#8221;1.1em&#8221; header_4_font=&#8221;Montserrat|500|||||||&#8221; header_4_line_height=&#8221;1.1em&#8221; text_orientation=&#8221;justified&#8221; custom_margin=&#8221;||20px||false|false&#8221; z_index_tablet=&#8221;500&#8243; global_colors_info=&#8221;{}&#8221;]<\/p>\n<p><em>Abbildung 3 &#8211; Die Stadt Toulon von der Reede aus gesehen<\/em><\/p>\n<p>[\/et_pb_text][\/et_pb_column][\/et_pb_row][et_pb_row _builder_version=&#8221;4.16&#8243; background_size=&#8221;initial&#8221; background_position=&#8221;top_left&#8221; background_repeat=&#8221;repeat&#8221; custom_padding=&#8221;0px||14px||false|false&#8221; global_colors_info=&#8221;{}&#8221;][et_pb_column type=&#8221;4_4&#8243; _builder_version=&#8221;4.16&#8243; custom_padding=&#8221;|||&#8221; global_colors_info=&#8221;{}&#8221; custom_padding__hover=&#8221;|||&#8221;][et_pb_text ul_item_indent=&#8221;40px&#8221; admin_label=&#8221;Texte &#8211; Ilet du Centre : innovation \u00e0 tous les \u00e9tages&#8221; _builder_version=&#8221;4.16&#8243; text_font=&#8221;Montserrat||||||||&#8221; ul_font=&#8221;||||||||&#8221; header_font=&#8221;||||||||&#8221; header_2_font=&#8221;Montserrat|700||on|||||&#8221; header_2_text_color=&#8221;#235ba8&#8243; header_2_font_size=&#8221;24px&#8221; header_2_line_height=&#8221;1.2em&#8221; header_3_font=&#8221;Montserrat|500|||||||&#8221; header_3_text_color=&#8221;#0facee&#8221; header_3_font_size=&#8221;20px&#8221; header_3_line_height=&#8221;1.1em&#8221; header_4_font=&#8221;Montserrat|500|||||||&#8221; header_4_line_height=&#8221;1.1em&#8221; text_orientation=&#8221;justified&#8221; custom_margin=&#8221;||20px||false|false&#8221; z_index_tablet=&#8221;500&#8243; global_colors_info=&#8221;{}&#8221;]<\/p>\n<h3>Deckenventilatoren in Bildungseinrichtungen: Wo liegen die Grenzen?<\/h3>\n<p>Die erste Grenze ist ganz einfach: Der Deckenventilator sorgt f\u00fcr eine gef\u00fchlte Temperaturerh\u00f6hung, die theoretisch bis zu 4 Grad betragen kann, in der Praxis aber selten \u00fcber <strong>3 Grad<\/strong> liegt. Es ist allgemein anerkannt, dass Unbehagen auftritt, sobald die Temperatur der ruhenden Luft 28 \u00b0C \u00fcbersteigt. Sobald also in einem Raum 31 \u00b0C erreicht werden, k\u00f6nnen Deckenventilatoren allein nicht mehr zur Zufriedenheit der Bewohner beitragen. Diese Situation, in der die 31\u00b0C in Innenr\u00e4umen \u00fcberschritten werden, ist in Frankreich gl\u00fccklicherweise nicht sehr h\u00e4ufig<a href=\"#_edn3\" name=\"_ednref3\">[iii]<\/a>. Dennoch wird der Einsatz einer dynamischen thermischen Simulation (DTS) dringend empfohlen, um die Gesamtzahl der Stunden mit verbleibendem Unbehagen zu ermitteln. In dem Beispiel, das wir oben mit der Stadtverwaltung von Toulon behandelt haben, war die physische Sicherheit der Sch\u00fcler ein entscheidendes Kriterium f\u00fcr die Wahl der Deckenventilatoren, die in Schulen installiert werden sollten. Tats\u00e4chlich sind einige R\u00e4ume durch niedrige Deckenh\u00f6hen (2,50 m oder weniger) gekennzeichnet, wobei zu beachten ist, dass die Norm NF EN IEC 60335-2-80 eine Mindesth\u00f6he von 2,30 m unter den Rotorbl\u00e4ttern vorsieht<a href=\"#_edn4\" name=\"_ednref4\">[iv]<\/a>. Die meisten Deckenventilatoren mit Schaufeln und langen Sch\u00e4ften sind jedoch in der Regel nicht mit dieser Norm kompatibel. Gl\u00fccklicherweise gibt es ultraflache Paddel-Lufterfrischer oder Paddellose Lufterfrischer<a href=\"#_edn5\" name=\"_ednref5\">[v]<\/a>, die der Norm entsprechen und somit das Risiko von Verletzungen der oberen Gliedma\u00dfen vermeiden. Diese Wahl hat die Stadt getroffen, in der sich der wichtigste Marinest\u00fctzpunkt Frankreichs befindet. Ein letzter Punkt sollte bedacht werden: In einigen Gymnasien und erst recht in Mittelschulen versuchen einige unruhige Sch\u00fcler, den Luftumw\u00e4lzer als Wurfger\u00e4t zu benutzen. Bei Luftumw\u00e4lzern ohne Schaufeln ist dieser &#8220;Schleuder-Effekt&#8221; jedoch unm\u00f6glich. Dieser Punkt sollte f\u00fcr eine erfolgreiche Implementierung im Hinterkopf behalten werden.<\/p>\n<p>[\/et_pb_text][et_pb_image src=&#8221;https:\/\/www.exhale-fans.com\/wp-content\/uploads\/2022\/09\/pre-gaudry-brasseur-air-exhale-30-08-2022.jpg&#8221; title_text=&#8221;pre-gaudry-brasseur-air-exhale-30-08-2022&#8243; _builder_version=&#8221;4.16&#8243; _module_preset=&#8221;default&#8221; global_colors_info=&#8221;{}&#8221;][\/et_pb_image][et_pb_text ul_item_indent=&#8221;40px&#8221; admin_label=&#8221;Texte &#8211; Ilet du Centre : innovation \u00e0 tous les \u00e9tages&#8221; _builder_version=&#8221;4.16&#8243; text_font=&#8221;Montserrat||||||||&#8221; ul_font=&#8221;||||||||&#8221; header_font=&#8221;||||||||&#8221; header_2_font=&#8221;Montserrat|700||on|||||&#8221; header_2_text_color=&#8221;#235ba8&#8243; header_2_font_size=&#8221;24px&#8221; header_2_line_height=&#8221;1.2em&#8221; header_3_font=&#8221;Montserrat|500|||||||&#8221; header_3_text_color=&#8221;#0facee&#8221; header_3_font_size=&#8221;20px&#8221; header_3_line_height=&#8221;1.1em&#8221; header_4_font=&#8221;Montserrat|500|||||||&#8221; header_4_line_height=&#8221;1.1em&#8221; text_orientation=&#8221;justified&#8221; custom_margin=&#8221;||20px||false|false&#8221; z_index_tablet=&#8221;500&#8243; global_colors_info=&#8221;{}&#8221;]<\/p>\n<p><em>Abbildung 4 &#8211; Exhale Air Breaker in einem Klassenzimmer &#8211; Gis\u00e8le Halimi College, Lyon<\/em><\/p>\n<p>[\/et_pb_text][\/et_pb_column][\/et_pb_row][et_pb_row _builder_version=&#8221;4.16&#8243; background_size=&#8221;initial&#8221; background_position=&#8221;top_left&#8221; background_repeat=&#8221;repeat&#8221; custom_padding=&#8221;0px||14px||false|false&#8221; global_colors_info=&#8221;{}&#8221;][et_pb_column type=&#8221;4_4&#8243; _builder_version=&#8221;4.16&#8243; custom_padding=&#8221;|||&#8221; global_colors_info=&#8221;{}&#8221; custom_padding__hover=&#8221;|||&#8221;][et_pb_text ul_item_indent=&#8221;40px&#8221; admin_label=&#8221;Texte &#8211; Ilet du Centre : innovation \u00e0 tous les \u00e9tages&#8221; _builder_version=&#8221;4.16&#8243; text_font=&#8221;Montserrat||||||||&#8221; ul_font=&#8221;||||||||&#8221; header_font=&#8221;||||||||&#8221; header_2_font=&#8221;Montserrat|700||on|||||&#8221; header_2_text_color=&#8221;#235ba8&#8243; header_2_font_size=&#8221;24px&#8221; header_2_line_height=&#8221;1.2em&#8221; header_3_font=&#8221;Montserrat|500|||||||&#8221; header_3_text_color=&#8221;#0facee&#8221; header_3_font_size=&#8221;20px&#8221; header_3_line_height=&#8221;1.1em&#8221; header_4_font=&#8221;Montserrat|500|||||||&#8221; header_4_line_height=&#8221;1.1em&#8221; text_orientation=&#8221;justified&#8221; custom_margin=&#8221;||20px||false|false&#8221; z_index_tablet=&#8221;500&#8243; global_colors_info=&#8221;{}&#8221;]<\/p>\n<h3>Schlussfolgerung: Auf dem Weg zu einer allgemeinen Verbreitung von Deckenventilatoren in Unterrichtsr\u00e4umen?<\/h3>\n<p>Die Hitzeempfindlichkeit hat in den letzten Jahren eindeutig zugenommen. Gleichzeitig sind die Aussichten auf eine globale Erw\u00e4rmung besonders besorgniserregend. Die heute tabuisierte Annahme, dass in Bildungseinrichtungen Klimaanlagen installiert werden sollten, k\u00f6nnte sich in Zukunft \u00e4ndern. In jedem Fall erscheint der Deckenventilator als eine intelligente L\u00f6sung :<\/p>\n<ul>\n<li>ohne Klimaanlage bringt er sofortigen thermischen Komfort.<\/li>\n<li>mit Klimaanlage macht es m\u00f6glich, den Sollwert der Klimaanlage zu erh\u00f6hen<a href=\"#_edn6\" name=\"_ednref6\">[vi]<\/a>Dies hat den Vorteil, dass der Energieverbrauch stark sinkt (ca. 10 % pro gewonnenem Grad Sollwert).<\/li>\n<li>Auf praktischer Ebene ist es einfach zu installieren, nutzt vorhandene Stromkreise und erfordert keine Eingriffe in die Geb\u00e4udestruktur.<\/li>\n<\/ul>\n<p>Angesichts der sich abzeichnenden Einschr\u00e4nkungen steht das Thema Energiesparen mehr denn je auf der Tagesordnung. Aus diesem Grund sind Deckenventilatoren ein Muss f\u00fcr den Sommerkomfort in Schulen.<\/p>\n<p>[\/et_pb_text][\/et_pb_column][\/et_pb_row][et_pb_row _builder_version=&#8221;4.16&#8243; background_size=&#8221;initial&#8221; background_position=&#8221;top_left&#8221; background_repeat=&#8221;repeat&#8221; custom_padding=&#8221;0px||14px||false|false&#8221; global_colors_info=&#8221;{}&#8221;][et_pb_column type=&#8221;4_4&#8243; _builder_version=&#8221;4.16&#8243; custom_padding=&#8221;|||&#8221; global_colors_info=&#8221;{}&#8221; custom_padding__hover=&#8221;|||&#8221;][et_pb_text ul_item_indent=&#8221;40px&#8221; admin_label=&#8221;Texte &#8211; Ilet du Centre : innovation \u00e0 tous les \u00e9tages&#8221; _builder_version=&#8221;4.16&#8243; text_font=&#8221;Montserrat||||||||&#8221; text_font_size=&#8221;13px&#8221; ul_font=&#8221;||||||||&#8221; header_font=&#8221;||||||||&#8221; header_2_font=&#8221;Montserrat|700||on|||||&#8221; header_2_text_color=&#8221;#235ba8&#8243; header_2_font_size=&#8221;24px&#8221; header_2_line_height=&#8221;1.2em&#8221; header_3_font=&#8221;Montserrat|500|||||||&#8221; header_3_text_color=&#8221;#0facee&#8221; header_3_font_size=&#8221;20px&#8221; header_3_line_height=&#8221;1.1em&#8221; header_4_font=&#8221;Montserrat|500|||||||&#8221; header_4_line_height=&#8221;1.1em&#8221; text_orientation=&#8221;justified&#8221; custom_margin=&#8221;||29px||false|false&#8221; z_index_tablet=&#8221;500&#8243; global_colors_info=&#8221;{}&#8221;]<\/p>\n<p><a href=\"#_ednref1\" name=\"_edn1\">[i]<\/a> F\u00fcr eine noch bessere Nutzung empfehlen wir Ihnen, einen Browser mit automatischer \u00dcbersetzung ins Deutsche zu verwenden, wie z. B. Google Chrome. <a href=\"#_ednref2\" name=\"_edn2\">[ii]<\/a> Siehe insbesondere die Artikel \u00ab\u00a0<a href=\"https:\/\/energieplus-lesite.be\/techniques\/ventilation8\/ventilation-intensive\/ventilation-intensive-naturelle-d-ete\/\" target=\"_blank\" rel=\"noopener\">Nat\u00fcrliche Intensivbel\u00fcftung im Sommer\u00a0<\/a>\u00bb und \u00ab\u00a0<a href=\"https:\/\/energieplus-lesite.be\/techniques\/ventilation8\/ventilation-intensive\/ventilation-intensive-mecanique-d-ete\/\" target=\"_blank\" rel=\"noopener\">Mechanische Intensivbel\u00fcftung im Sommer <\/a>\u00bb. <a href=\"#_ednref3\" name=\"_edn3\">[iii]<\/a>In den \u00fcberseeischen Departements und Regionen, in denen die Temperaturen insgesamt h\u00f6her sind, entsprechen die Schulferien auch den w\u00e4rmsten Zeiten des Jahres. <a href=\"#_ednref4\" name=\"_edn4\">[iv]<\/a> Siehe unseren Artikel zu <a href=\"https:\/\/www.exhale-fans.com\/de\/mindesthoehe-unter-rotorblaettern-welche-sicherheitsregeln-gelten\/\">Sicherheitsregeln in Bezug auf die H\u00f6he von Rotorbl\u00e4ttern<\/a>. <a href=\"#_ednref5\" name=\"_edn5\">[v]<\/a> Ultraflache Deckenventilatoren mit Schaufeln Samarat oder blattlose Deckenventilatoren Exhale <a href=\"#_ednref6\" name=\"_edn6\">[vi]<\/a> So kann man den Sollwert der Klimaanlage von 26 auf 28 \u00b0C anheben, wenn die Luftgeschwindigkeit 2 Grad weniger gef\u00fchlte Temperatur mit sich bringt. Dar\u00fcber hinaus sorgt der Deckenventilator f\u00fcr eine bessere Verteilung der kalten Luft, die dazu neigt, zum Boden zu sinken. Schlie\u00dflich tr\u00e4gt der Deckenventilator dazu bei, die gerichteten Klimastr\u00f6me, die ein sehr gro\u00dfes Unbehagen verursachen, zu &#8220;unterbrechen&#8221;.<\/p>\n<p>[\/et_pb_text][\/et_pb_column][\/et_pb_row][et_pb_row column_structure=&#8221;1_3,1_3,1_3&#8243; _builder_version=&#8221;4.16&#8243; background_size=&#8221;initial&#8221; background_position=&#8221;top_left&#8221; background_repeat=&#8221;repeat&#8221; custom_padding=&#8221;0px||14px||false|false&#8221; global_colors_info=&#8221;{}&#8221;][et_pb_column type=&#8221;1_3&#8243; _builder_version=&#8221;4.16&#8243; custom_padding=&#8221;|||&#8221; global_colors_info=&#8221;{}&#8221; custom_padding__hover=&#8221;|||&#8221;][et_pb_text ul_item_indent=&#8221;40px&#8221; admin_label=&#8221;Texte &#8211; Ilet du Centre : innovation \u00e0 tous les \u00e9tages&#8221; _builder_version=&#8221;4.16&#8243; text_font=&#8221;Montserrat||||||||&#8221; ul_font=&#8221;||||||||&#8221; header_font=&#8221;||||||||&#8221; header_2_font=&#8221;Montserrat|700||on|||||&#8221; header_2_text_color=&#8221;#235ba8&#8243; header_2_font_size=&#8221;24px&#8221; header_2_line_height=&#8221;1.2em&#8221; header_3_font=&#8221;Montserrat|500|||||||&#8221; header_3_text_color=&#8221;#0facee&#8221; header_3_font_size=&#8221;20px&#8221; header_3_line_height=&#8221;1.1em&#8221; header_4_font=&#8221;Montserrat|500|||||||&#8221; header_4_line_height=&#8221;1.1em&#8221; text_orientation=&#8221;justified&#8221; custom_margin=&#8221;||20px||false|false&#8221; z_index_tablet=&#8221;500&#8243; global_colors_info=&#8221;{}&#8221;]<\/p>\n<h3>Artikel zum Lesen<\/h3>\n<p>[\/et_pb_text][\/et_pb_column][et_pb_column type=&#8221;1_3&#8243; _builder_version=&#8221;4.16&#8243; custom_padding=&#8221;|||&#8221; global_colors_info=&#8221;{}&#8221; custom_padding__hover=&#8221;|||&#8221;][et_pb_image src=&#8221;https:\/\/www.exhale-fans.com\/wp-content\/uploads\/2023\/04\/article-canicule-la-marseillaise-01.jpg&#8221; title_text=&#8221;Screenshot&#8221; url=&#8221;@ET-DC@eyJkeW5hbWljIjp0cnVlLCJjb250ZW50IjoicG9zdF9saW5rX3VybF9wb3N0Iiwic2V0dGluZ3MiOnsicG9zdF9pZCI6IjI4NjAxIn19@&#8221; url_new_window=&#8221;on&#8221; _builder_version=&#8221;4.16&#8243; _dynamic_attributes=&#8221;url&#8221; _module_preset=&#8221;default&#8221; global_colors_info=&#8221;{}&#8221;][\/et_pb_image][\/et_pb_column][et_pb_column type=&#8221;1_3&#8243; _builder_version=&#8221;4.16&#8243; custom_padding=&#8221;|||&#8221; global_colors_info=&#8221;{}&#8221; custom_padding__hover=&#8221;|||&#8221;][et_pb_image src=&#8221;https:\/\/www.exhale-fans.com\/wp-content\/uploads\/2023\/04\/article-canicule-marsactu-01.jpg&#8221; title_text=&#8221;Screenshot&#8221; url=&#8221;@ET-DC@eyJkeW5hbWljIjp0cnVlLCJjb250ZW50IjoicG9zdF9saW5rX3VybF9wb3N0Iiwic2V0dGluZ3MiOnsicG9zdF9pZCI6IjI4NjIwIn19@&#8221; url_new_window=&#8221;on&#8221; _builder_version=&#8221;4.16&#8243; _dynamic_attributes=&#8221;url&#8221; _module_preset=&#8221;default&#8221; global_colors_info=&#8221;{}&#8221;][\/et_pb_image][\/et_pb_column][\/et_pb_row][\/et_pb_section][et_pb_section fb_built=&#8221;1&#8243; module_id=&#8221;contact&#8221; _builder_version=&#8221;4.16&#8243; custom_margin=&#8221;||||false|false&#8221; custom_padding=&#8221;||5px||false|false&#8221; border_width_all=&#8221;1px&#8221; locked=&#8221;off&#8221; global_colors_info=&#8221;{}&#8221;][et_pb_row column_structure=&#8221;1_2,1_2&#8243; _builder_version=&#8221;4.16&#8243; background_size=&#8221;initial&#8221; background_position=&#8221;top_left&#8221; background_repeat=&#8221;repeat&#8221; width=&#8221;90%&#8221; global_colors_info=&#8221;{}&#8221;][et_pb_column type=&#8221;1_2&#8243; _builder_version=&#8221;4.16&#8243; custom_padding=&#8221;|||&#8221; global_colors_info=&#8221;{}&#8221; custom_padding__hover=&#8221;|||&#8221;][et_pb_image src=&#8221;https:\/\/www.exhale-fans.com\/wp-content\/uploads\/2021\/06\/section-exhale-pro-01.jpg&#8221; alt=&#8221;Exhale Zugang zum Bereich f\u00fcr Unternehmer&#8221; title_text=&#8221;section-exhale-pro-01&#8243; align=&#8221;center&#8221; _builder_version=&#8221;4.16&#8243; _module_preset=&#8221;default&#8221; custom_margin=&#8221;-65px||0px||false|false&#8221; custom_padding=&#8221;||||false|false&#8221; global_colors_info=&#8221;{}&#8221;][\/et_pb_image][et_pb_text admin_label=&#8221;Title&#8221; _builder_version=&#8221;4.16&#8243; text_font=&#8221;Montserrat|||on|||||&#8221; text_text_color=&#8221;#0facee&#8221; text_font_size=&#8221;18px&#8221; header_2_font=&#8221;Montserrat|600||on|||||&#8221; header_2_line_height=&#8221;1.2em&#8221; text_orientation=&#8221;center&#8221; module_alignment=&#8221;center&#8221; custom_margin=&#8221;||||false|false&#8221; animation_style=&#8221;fade&#8221; global_colors_info=&#8221;{}&#8221;]<\/p>\n<p>Exhale der erste Deckenventilator mit Vortex-Effekt ohne Schaufeln<\/p>\n<p>[\/et_pb_text][\/et_pb_column][et_pb_column type=&#8221;1_2&#8243; _builder_version=&#8221;4.16&#8243; custom_padding=&#8221;|||&#8221; global_colors_info=&#8221;{}&#8221; custom_padding__hover=&#8221;|||&#8221;][et_pb_text admin_label=&#8221;Title&#8221; _builder_version=&#8221;4.16&#8243; text_font=&#8221;Montserrat||||||||&#8221; text_font_size=&#8221;18px&#8221; header_2_font=&#8221;Montserrat|600||on|||||&#8221; header_2_line_height=&#8221;1.2em&#8221; text_orientation=&#8221;center&#8221; module_alignment=&#8221;center&#8221; custom_margin=&#8221;||||false|false&#8221; animation_style=&#8221;fade&#8221; global_colors_info=&#8221;{}&#8221;]<\/p>\n<p>Sind Sie berufst\u00e4tig? Wir haben Ihnen einen eigenen Bereich gewidmet.<\/p>\n<p>[\/et_pb_text][et_pb_button button_url=&#8221;@ET-DC@eyJkeW5hbWljIjp0cnVlLCJjb250ZW50IjoicG9zdF9saW5rX3VybF9wYWdlIiwic2V0dGluZ3MiOnsicG9zdF9pZCI6IjExODY2In19@&#8221; button_text=&#8221;Zugang zum Bereich f\u00fcr Unternehmer&#8221; button_alignment=&#8221;center&#8221; disabled_on=&#8221;off|off|off&#8221; admin_label=&#8221;Bouton Boutique en ligne&#8221; _builder_version=&#8221;4.16&#8243; _dynamic_attributes=&#8221;button_url&#8221; custom_button=&#8221;on&#8221; button_text_size=&#8221;16&#8243; button_text_color=&#8221;#0a4f96&#8243; button_bg_color=&#8221;#f7f01b&#8221; button_border_width=&#8221;0px&#8221; button_border_color=&#8221;#0a4f96&#8243; button_border_radius=&#8221;4px&#8221; button_letter_spacing=&#8221;1px&#8221; button_font=&#8221;Montserrat|700||on|||||&#8221; button_icon=&#8221;&#xe0e5;||divi||400&#8243; button_icon_color=&#8221;#0a4f96&#8243; button_on_hover=&#8221;off&#8221; custom_margin=&#8221;||||false|false&#8221; custom_padding=&#8221;10px|46px|10px|27px|true|false&#8221; animation_direction=&#8221;right&#8221; z_index_tablet=&#8221;500&#8243; box_shadow_style=&#8221;preset3&#8243; saved_tabs=&#8221;all&#8221; locked=&#8221;off&#8221; global_colors_info=&#8221;{}&#8221; button_text_size__hover_enabled=&#8221;on|desktop&#8221; button_text_size__hover=&#8221;16px&#8221; button_one_text_size__hover_enabled=&#8221;off&#8221; button_one_text_size__hover=&#8221;null&#8221; button_two_text_size__hover_enabled=&#8221;off&#8221; button_two_text_size__hover=&#8221;null&#8221; button_text_color__hover_enabled=&#8221;off|desktop&#8221; button_text_color__hover=&#8221;#0a4f96&#8243; button_one_text_color__hover_enabled=&#8221;off&#8221; button_one_text_color__hover=&#8221;null&#8221; button_two_text_color__hover_enabled=&#8221;off&#8221; button_two_text_color__hover=&#8221;null&#8221; button_border_width__hover_enabled=&#8221;off&#8221; button_border_width__hover=&#8221;null&#8221; button_one_border_width__hover_enabled=&#8221;off&#8221; button_one_border_width__hover=&#8221;null&#8221; button_two_border_width__hover_enabled=&#8221;off&#8221; button_two_border_width__hover=&#8221;null&#8221; button_border_color__hover_enabled=&#8221;on&#8221; button_border_color__hover=&#8221;#747d88&#8243; button_one_border_color__hover_enabled=&#8221;off&#8221; button_one_border_color__hover=&#8221;null&#8221; button_two_border_color__hover_enabled=&#8221;off&#8221; button_two_border_color__hover=&#8221;null&#8221; button_border_radius__hover_enabled=&#8221;off&#8221; button_border_radius__hover=&#8221;null&#8221; button_one_border_radius__hover_enabled=&#8221;off&#8221; button_one_border_radius__hover=&#8221;null&#8221; button_two_border_radius__hover_enabled=&#8221;off&#8221; button_two_border_radius__hover=&#8221;null&#8221; button_letter_spacing__hover_enabled=&#8221;on|desktop&#8221; button_letter_spacing__hover=&#8221;1px&#8221; button_one_letter_spacing__hover_enabled=&#8221;off&#8221; button_one_letter_spacing__hover=&#8221;null&#8221; button_two_letter_spacing__hover_enabled=&#8221;off&#8221; button_two_letter_spacing__hover=&#8221;null&#8221; button_bg_color__hover_enabled=&#8221;on|hover&#8221; button_bg_color__hover=&#8221;#f7f01b&#8221; button_one_bg_color__hover_enabled=&#8221;off&#8221; button_one_bg_color__hover=&#8221;null&#8221; button_two_bg_color__hover_enabled=&#8221;off&#8221; button_two_bg_color__hover=&#8221;null&#8221; custom_padding__hover_enabled=&#8221;on|hover&#8221; custom_padding__hover=&#8221;7px|41px|7px|22px|true|false&#8221; button_bg_enable_color__hover=&#8221;on&#8221; custom_margin__hover_enabled=&#8221;on|hover&#8221; custom_margin__hover=&#8221;3px||3px||false|false&#8221;][\/et_pb_button][et_pb_text admin_label=&#8221;Title&#8221; _builder_version=&#8221;4.16&#8243; text_font=&#8221;Montserrat||||||||&#8221; text_font_size=&#8221;16px&#8221; header_2_font=&#8221;Montserrat|600||on|||||&#8221; header_2_line_height=&#8221;1.2em&#8221; text_orientation=&#8221;center&#8221; module_alignment=&#8221;center&#8221; custom_margin=&#8221;||||false|false&#8221; custom_padding=&#8221;12px||||false|false&#8221; animation_style=&#8221;fade&#8221; global_colors_info=&#8221;{}&#8221;]<\/p>\n<p>Finden Sie Exhale Fans Europe auf <a href=\"https:\/\/www.linkedin.com\/company\/exhale-europe\/\" target=\"_blank\" rel=\"noopener noreferrer\">Linkedin<\/a><\/p>\n<p>[\/et_pb_text][\/et_pb_column][\/et_pb_row][\/et_pb_section][et_pb_section fb_built=&#8221;1&#8243; module_id=&#8221;contact&#8221; _builder_version=&#8221;4.16&#8243; custom_margin=&#8221;||||false|false&#8221; custom_padding=&#8221;||||false|false&#8221; locked=&#8221;off&#8221; global_colors_info=&#8221;{}&#8221;][et_pb_row _builder_version=&#8221;4.16&#8243; background_size=&#8221;initial&#8221; background_position=&#8221;top_left&#8221; background_repeat=&#8221;repeat&#8221; global_colors_info=&#8221;{}&#8221;][et_pb_column type=&#8221;4_4&#8243; _builder_version=&#8221;4.16&#8243; custom_padding=&#8221;|||&#8221; global_colors_info=&#8221;{}&#8221; custom_padding__hover=&#8221;|||&#8221;][et_pb_text admin_label=&#8221;Title&#8221; _builder_version=&#8221;4.21.0&#8243; text_font=&#8221;Montserrat||||||||&#8221; header_2_font=&#8221;Montserrat|600||on|||||&#8221; header_2_line_height=&#8221;1.2em&#8221; text_orientation=&#8221;center&#8221; module_alignment=&#8221;center&#8221; custom_margin=&#8221;||0px|&#8221; animation_style=&#8221;fade&#8221; global_colors_info=&#8221;{}&#8221;]<\/p>\n<h2>Haben Sie Fragen? Fragen Sie unsere Experten!<\/h2>\n<p>[\/et_pb_text][\/et_pb_column][\/et_pb_row][et_pb_row column_structure=&#8221;1_5,3_5,1_5&#8243; _builder_version=&#8221;4.16&#8243; background_size=&#8221;initial&#8221; background_position=&#8221;top_left&#8221; background_repeat=&#8221;repeat&#8221; global_colors_info=&#8221;{}&#8221;][et_pb_column type=&#8221;1_5&#8243; _builder_version=&#8221;4.16&#8243; custom_padding=&#8221;|||&#8221; global_colors_info=&#8221;{}&#8221; custom_padding__hover=&#8221;|||&#8221;][\/et_pb_column][et_pb_column type=&#8221;3_5&#8243; _builder_version=&#8221;4.16&#8243; custom_padding=&#8221;|||&#8221; global_colors_info=&#8221;{}&#8221; custom_padding__hover=&#8221;|||&#8221;][et_pb_contact_form captcha=&#8221;off&#8221; email=&#8221;info@exhale-europe.com&#8221; custom_message=&#8221;Exhale-fans.com : Blog Allemand &#8211; Confort estival dans les \u00e9tablissements d&apos;enseignement||et_pb_line_break_holder||||et_pb_line_break_holder||Nom : %%Last_Name%%||et_pb_line_break_holder||Pr\u00e9nom : %%First_Name%%||et_pb_line_break_holder||Email : %%email%%||et_pb_line_break_holder||T\u00e9l\u00e9phone : %%telephone%%||et_pb_line_break_holder||Code postal : %%postal%%||et_pb_line_break_holder||Ville : %%ville%%||et_pb_line_break_holder||Message : %%Message%%||et_pb_line_break_holder||||et_pb_line_break_holder||%%Field_8%%&#8221; submit_button_text=&#8221;Senden&#8221; module_id=&#8221;et_pb_contact_form_0&#8243; _builder_version=&#8221;4.21.0&#8243; _unique_id=&#8221;bb786200-6e60-4eeb-b0b3-59711241a704&#8243; form_field_background_color=&#8221;#f2f2f2&#8243; form_field_font=&#8221;Montserrat||||||||&#8221; form_field_font_size=&#8221;16px&#8221; button_icon=&#8221;&#x24;||divi||400&#8243; max_width=&#8221;750px&#8221; module_alignment=&#8221;center&#8221; animation_style=&#8221;fade&#8221; z_index_tablet=&#8221;500&#8243; form_background_color=&#8221;#f2f2f2&#8243; global_colors_info=&#8221;{}&#8221;][et_pb_contact_field field_id=&#8221;Last_Name&#8221; field_title=&#8221;Name&#8221; _builder_version=&#8221;4.16&#8243; form_field_font=&#8221;||||||||&#8221; max_width=&#8221;100%&#8221; max_width_tablet=&#8221;100%&#8221; max_width_phone=&#8221;100%&#8221; global_colors_info=&#8221;{}&#8221; button_text_size__hover_enabled=&#8221;off&#8221; button_one_text_size__hover_enabled=&#8221;off&#8221; button_two_text_size__hover_enabled=&#8221;off&#8221; button_text_color__hover_enabled=&#8221;off&#8221; button_one_text_color__hover_enabled=&#8221;off&#8221; button_two_text_color__hover_enabled=&#8221;off&#8221; button_border_width__hover_enabled=&#8221;off&#8221; button_one_border_width__hover_enabled=&#8221;off&#8221; button_two_border_width__hover_enabled=&#8221;off&#8221; button_border_color__hover_enabled=&#8221;off&#8221; button_one_border_color__hover_enabled=&#8221;off&#8221; button_two_border_color__hover_enabled=&#8221;off&#8221; button_border_radius__hover_enabled=&#8221;off&#8221; button_one_border_radius__hover_enabled=&#8221;off&#8221; button_two_border_radius__hover_enabled=&#8221;off&#8221; button_letter_spacing__hover_enabled=&#8221;off&#8221; button_one_letter_spacing__hover_enabled=&#8221;off&#8221; button_two_letter_spacing__hover_enabled=&#8221;off&#8221; button_bg_color__hover_enabled=&#8221;off&#8221; button_one_bg_color__hover_enabled=&#8221;off&#8221; button_two_bg_color__hover_enabled=&#8221;off&#8221;][\/et_pb_contact_field][et_pb_contact_field field_id=&#8221;First_Name&#8221; field_title=&#8221;Vorname&#8221; _builder_version=&#8221;4.16&#8243; form_field_font=&#8221;||||||||&#8221; max_width=&#8221;100%&#8221; max_width_tablet=&#8221;100%&#8221; max_width_phone=&#8221;100%&#8221; global_colors_info=&#8221;{}&#8221; button_text_size__hover_enabled=&#8221;off&#8221; button_one_text_size__hover_enabled=&#8221;off&#8221; button_two_text_size__hover_enabled=&#8221;off&#8221; button_text_color__hover_enabled=&#8221;off&#8221; button_one_text_color__hover_enabled=&#8221;off&#8221; button_two_text_color__hover_enabled=&#8221;off&#8221; button_border_width__hover_enabled=&#8221;off&#8221; button_one_border_width__hover_enabled=&#8221;off&#8221; button_two_border_width__hover_enabled=&#8221;off&#8221; button_border_color__hover_enabled=&#8221;off&#8221; button_one_border_color__hover_enabled=&#8221;off&#8221; button_two_border_color__hover_enabled=&#8221;off&#8221; button_border_radius__hover_enabled=&#8221;off&#8221; button_one_border_radius__hover_enabled=&#8221;off&#8221; button_two_border_radius__hover_enabled=&#8221;off&#8221; button_letter_spacing__hover_enabled=&#8221;off&#8221; button_one_letter_spacing__hover_enabled=&#8221;off&#8221; button_two_letter_spacing__hover_enabled=&#8221;off&#8221; button_bg_color__hover_enabled=&#8221;off&#8221; button_one_bg_color__hover_enabled=&#8221;off&#8221; button_two_bg_color__hover_enabled=&#8221;off&#8221;][\/et_pb_contact_field][et_pb_contact_field field_id=&#8221;email&#8221; field_title=&#8221;Email Adresse&#8221; field_type=&#8221;email&#8221; _builder_version=&#8221;4.16&#8243; form_field_font=&#8221;||||||||&#8221; max_width=&#8221;100%&#8221; max_width_tablet=&#8221;100%&#8221; max_width_phone=&#8221;100%&#8221; global_colors_info=&#8221;{}&#8221; button_text_size__hover_enabled=&#8221;off&#8221; button_one_text_size__hover_enabled=&#8221;off&#8221; button_two_text_size__hover_enabled=&#8221;off&#8221; button_text_color__hover_enabled=&#8221;off&#8221; button_one_text_color__hover_enabled=&#8221;off&#8221; button_two_text_color__hover_enabled=&#8221;off&#8221; button_border_width__hover_enabled=&#8221;off&#8221; button_one_border_width__hover_enabled=&#8221;off&#8221; button_two_border_width__hover_enabled=&#8221;off&#8221; button_border_color__hover_enabled=&#8221;off&#8221; button_one_border_color__hover_enabled=&#8221;off&#8221; button_two_border_color__hover_enabled=&#8221;off&#8221; button_border_radius__hover_enabled=&#8221;off&#8221; button_one_border_radius__hover_enabled=&#8221;off&#8221; button_two_border_radius__hover_enabled=&#8221;off&#8221; button_letter_spacing__hover_enabled=&#8221;off&#8221; button_one_letter_spacing__hover_enabled=&#8221;off&#8221; button_two_letter_spacing__hover_enabled=&#8221;off&#8221; button_bg_color__hover_enabled=&#8221;off&#8221; button_one_bg_color__hover_enabled=&#8221;off&#8221; button_two_bg_color__hover_enabled=&#8221;off&#8221;][\/et_pb_contact_field][et_pb_contact_field field_id=&#8221;telephone&#8221; field_title=&#8221;Telefonnummer&#8221; _builder_version=&#8221;4.16&#8243; form_field_font=&#8221;||||||||&#8221; max_width=&#8221;100%&#8221; max_width_tablet=&#8221;100%&#8221; max_width_phone=&#8221;100%&#8221; global_colors_info=&#8221;{}&#8221; button_text_size__hover_enabled=&#8221;off&#8221; button_one_text_size__hover_enabled=&#8221;off&#8221; button_two_text_size__hover_enabled=&#8221;off&#8221; button_text_color__hover_enabled=&#8221;off&#8221; button_one_text_color__hover_enabled=&#8221;off&#8221; button_two_text_color__hover_enabled=&#8221;off&#8221; button_border_width__hover_enabled=&#8221;off&#8221; button_one_border_width__hover_enabled=&#8221;off&#8221; button_two_border_width__hover_enabled=&#8221;off&#8221; button_border_color__hover_enabled=&#8221;off&#8221; button_one_border_color__hover_enabled=&#8221;off&#8221; button_two_border_color__hover_enabled=&#8221;off&#8221; button_border_radius__hover_enabled=&#8221;off&#8221; button_one_border_radius__hover_enabled=&#8221;off&#8221; button_two_border_radius__hover_enabled=&#8221;off&#8221; button_letter_spacing__hover_enabled=&#8221;off&#8221; button_one_letter_spacing__hover_enabled=&#8221;off&#8221; button_two_letter_spacing__hover_enabled=&#8221;off&#8221; button_bg_color__hover_enabled=&#8221;off&#8221; button_one_bg_color__hover_enabled=&#8221;off&#8221; button_two_bg_color__hover_enabled=&#8221;off&#8221;][\/et_pb_contact_field][et_pb_contact_field field_id=&#8221;postal&#8221; field_title=&#8221;Postleitzahl&#8221; _builder_version=&#8221;4.16&#8243; form_field_font=&#8221;||||||||&#8221; max_width=&#8221;100%&#8221; max_width_tablet=&#8221;100%&#8221; max_width_phone=&#8221;100%&#8221; global_colors_info=&#8221;{}&#8221; button_text_size__hover_enabled=&#8221;off&#8221; button_one_text_size__hover_enabled=&#8221;off&#8221; button_two_text_size__hover_enabled=&#8221;off&#8221; button_text_color__hover_enabled=&#8221;off&#8221; button_one_text_color__hover_enabled=&#8221;off&#8221; button_two_text_color__hover_enabled=&#8221;off&#8221; button_border_width__hover_enabled=&#8221;off&#8221; button_one_border_width__hover_enabled=&#8221;off&#8221; button_two_border_width__hover_enabled=&#8221;off&#8221; button_border_color__hover_enabled=&#8221;off&#8221; button_one_border_color__hover_enabled=&#8221;off&#8221; button_two_border_color__hover_enabled=&#8221;off&#8221; button_border_radius__hover_enabled=&#8221;off&#8221; button_one_border_radius__hover_enabled=&#8221;off&#8221; button_two_border_radius__hover_enabled=&#8221;off&#8221; button_letter_spacing__hover_enabled=&#8221;off&#8221; button_one_letter_spacing__hover_enabled=&#8221;off&#8221; button_two_letter_spacing__hover_enabled=&#8221;off&#8221; button_bg_color__hover_enabled=&#8221;off&#8221; button_one_bg_color__hover_enabled=&#8221;off&#8221; button_two_bg_color__hover_enabled=&#8221;off&#8221;][\/et_pb_contact_field][et_pb_contact_field field_id=&#8221;ville&#8221; field_title=&#8221;Stadt&#8221; _builder_version=&#8221;4.16&#8243; form_field_font=&#8221;||||||||&#8221; max_width=&#8221;100%&#8221; max_width_tablet=&#8221;100%&#8221; max_width_phone=&#8221;100%&#8221; global_colors_info=&#8221;{}&#8221; button_text_size__hover_enabled=&#8221;off&#8221; button_one_text_size__hover_enabled=&#8221;off&#8221; button_two_text_size__hover_enabled=&#8221;off&#8221; button_text_color__hover_enabled=&#8221;off&#8221; button_one_text_color__hover_enabled=&#8221;off&#8221; button_two_text_color__hover_enabled=&#8221;off&#8221; button_border_width__hover_enabled=&#8221;off&#8221; button_one_border_width__hover_enabled=&#8221;off&#8221; button_two_border_width__hover_enabled=&#8221;off&#8221; button_border_color__hover_enabled=&#8221;off&#8221; button_one_border_color__hover_enabled=&#8221;off&#8221; button_two_border_color__hover_enabled=&#8221;off&#8221; button_border_radius__hover_enabled=&#8221;off&#8221; button_one_border_radius__hover_enabled=&#8221;off&#8221; button_two_border_radius__hover_enabled=&#8221;off&#8221; button_letter_spacing__hover_enabled=&#8221;off&#8221; button_one_letter_spacing__hover_enabled=&#8221;off&#8221; button_two_letter_spacing__hover_enabled=&#8221;off&#8221; button_bg_color__hover_enabled=&#8221;off&#8221; button_one_bg_color__hover_enabled=&#8221;off&#8221; button_two_bg_color__hover_enabled=&#8221;off&#8221;][\/et_pb_contact_field][et_pb_contact_field field_id=&#8221;Message&#8221; field_title=&#8221;Ihre Nachricht&#8221; field_type=&#8221;text&#8221; fullwidth_field=&#8221;on&#8221; _builder_version=&#8221;4.16&#8243; form_field_font=&#8221;||||||||&#8221; max_width=&#8221;100%&#8221; max_width_tablet=&#8221;100%&#8221; max_width_phone=&#8221;100%&#8221; global_colors_info=&#8221;{}&#8221; button_text_size__hover_enabled=&#8221;off&#8221; button_one_text_size__hover_enabled=&#8221;off&#8221; button_two_text_size__hover_enabled=&#8221;off&#8221; button_text_color__hover_enabled=&#8221;off&#8221; button_one_text_color__hover_enabled=&#8221;off&#8221; button_two_text_color__hover_enabled=&#8221;off&#8221; button_border_width__hover_enabled=&#8221;off&#8221; button_one_border_width__hover_enabled=&#8221;off&#8221; button_two_border_width__hover_enabled=&#8221;off&#8221; button_border_color__hover_enabled=&#8221;off&#8221; button_one_border_color__hover_enabled=&#8221;off&#8221; button_two_border_color__hover_enabled=&#8221;off&#8221; button_border_radius__hover_enabled=&#8221;off&#8221; button_one_border_radius__hover_enabled=&#8221;off&#8221; button_two_border_radius__hover_enabled=&#8221;off&#8221; button_letter_spacing__hover_enabled=&#8221;off&#8221; button_one_letter_spacing__hover_enabled=&#8221;off&#8221; button_two_letter_spacing__hover_enabled=&#8221;off&#8221; button_bg_color__hover_enabled=&#8221;off&#8221; button_one_bg_color__hover_enabled=&#8221;off&#8221; button_two_bg_color__hover_enabled=&#8221;off&#8221;][\/et_pb_contact_field][\/et_pb_contact_form][\/et_pb_column][et_pb_column type=&#8221;1_5&#8243; _builder_version=&#8221;4.16&#8243; custom_padding=&#8221;|||&#8221; global_colors_info=&#8221;{}&#8221; custom_padding__hover=&#8221;|||&#8221;][\/et_pb_column][\/et_pb_row][\/et_pb_section]<\/p>\n","protected":false},"excerpt":{"rendered":"<p>Mit Hitzeperioden, die manchmal im Mai beginnen und im September enden, sind Bildungseinrichtungen zunehmend mit thermischem Unbehagen konfrontiert, das die Lernbedingungen verschlechtert. Welche L\u00f6sungen werden m\u00f6glich, um die Situation in bestehenden Geb\u00e4uden zu verbessern?<\/p>\n","protected":false},"author":2,"featured_media":25412,"comment_status":"closed","ping_status":"open","sticky":false,"template":"","format":"standard","meta":{"_et_pb_use_builder":"on","_et_pb_old_content":"","_et_gb_content_width":"","footnotes":""},"categories":[146,107,149],"tags":[],"class_list":["post-32672","post","type-post","status-publish","format-standard","has-post-thumbnail","hentry","category-blog-de-pro-plus","category-blog-pro-de","category-home-de"],"yoast_head":"<!-- This site is optimized with the Yoast SEO plugin v26.6 - https:\/\/yoast.com\/wordpress\/plugins\/seo\/ -->\n<title>Sommerliche Behaglichkeit in Bildungseinrichtungen: Deckenventilatoren als Retter in der Not? - Exhale Fans<\/title>\n<meta name=\"robots\" content=\"index, follow, max-snippet:-1, max-image-preview:large, max-video-preview:-1\" \/>\n<link rel=\"canonical\" href=\"https:\/\/www.brasseurs-air-re2020.com\/de\/sommerliche-behaglichkeit-in-bildungseinrichtungen-deckenventilatoren-als-retter-in-der-not\/\" \/>\n<meta property=\"og:locale\" content=\"de_DE\" \/>\n<meta property=\"og:type\" content=\"article\" \/>\n<meta property=\"og:title\" content=\"Sommerliche Behaglichkeit in Bildungseinrichtungen: Deckenventilatoren als Retter in der Not? - Exhale Fans\" \/>\n<meta property=\"og:description\" content=\"Mit Hitzeperioden, die manchmal im Mai beginnen und im September enden, sind Bildungseinrichtungen zunehmend mit thermischem Unbehagen konfrontiert, das die Lernbedingungen verschlechtert. Welche L\u00f6sungen werden m\u00f6glich, um die Situation in bestehenden Geb\u00e4uden zu verbessern?\" \/>\n<meta property=\"og:url\" content=\"https:\/\/www.brasseurs-air-re2020.com\/de\/sommerliche-behaglichkeit-in-bildungseinrichtungen-deckenventilatoren-als-retter-in-der-not\/\" \/>\n<meta property=\"og:site_name\" content=\"Exhale Fans\" \/>\n<meta property=\"article:publisher\" content=\"https:\/\/www.facebook.com\/exhale.europe\" \/>\n<meta property=\"article:published_time\" content=\"2022-09-08T10:00:55+00:00\" \/>\n<meta property=\"article:modified_time\" content=\"2024-09-03T14:38:59+00:00\" \/>\n<meta property=\"og:image\" content=\"https:\/\/www.exhale-fans.com\/wp-content\/uploads\/2022\/09\/college-brasseur-air-30-08-2022.jpg\" \/>\n\t<meta property=\"og:image:width\" content=\"1080\" \/>\n\t<meta property=\"og:image:height\" content=\"715\" \/>\n\t<meta property=\"og:image:type\" content=\"image\/jpeg\" \/>\n<meta name=\"author\" content=\"Exhale Fans Europe\" \/>\n<meta name=\"twitter:card\" content=\"summary_large_image\" \/>\n<meta name=\"twitter:label1\" content=\"Verfasst von\" \/>\n\t<meta name=\"twitter:data1\" content=\"Exhale Fans Europe\" \/>\n\t<meta name=\"twitter:label2\" content=\"Gesch\u00e4tzte Lesezeit\" \/>\n\t<meta name=\"twitter:data2\" content=\"8\u00a0Minuten\" \/>\n<script type=\"application\/ld+json\" class=\"yoast-schema-graph\">{\"@context\":\"https:\/\/schema.org\",\"@graph\":[{\"@type\":\"Article\",\"@id\":\"https:\/\/www.brasseurs-air-re2020.com\/de\/sommerliche-behaglichkeit-in-bildungseinrichtungen-deckenventilatoren-als-retter-in-der-not\/#article\",\"isPartOf\":{\"@id\":\"https:\/\/www.exhale-fans.com\/de\/sommerliche-behaglichkeit-in-bildungseinrichtungen-deckenventilatoren-als-retter-in-der-not\/\"},\"author\":{\"name\":\"Exhale Fans Europe\",\"@id\":\"https:\/\/www.exhale-fans.com\/de\/#\/schema\/person\/3693838ba30391ab5d72ee097e55be7e\"},\"headline\":\"Sommerliche Behaglichkeit in Bildungseinrichtungen: Deckenventilatoren als Retter in der Not?\",\"datePublished\":\"2022-09-08T10:00:55+00:00\",\"dateModified\":\"2024-09-03T14:38:59+00:00\",\"mainEntityOfPage\":{\"@id\":\"https:\/\/www.exhale-fans.com\/de\/sommerliche-behaglichkeit-in-bildungseinrichtungen-deckenventilatoren-als-retter-in-der-not\/\"},\"wordCount\":5380,\"publisher\":{\"@id\":\"https:\/\/www.exhale-fans.com\/de\/#organization\"},\"image\":{\"@id\":\"https:\/\/www.brasseurs-air-re2020.com\/de\/sommerliche-behaglichkeit-in-bildungseinrichtungen-deckenventilatoren-als-retter-in-der-not\/#primaryimage\"},\"thumbnailUrl\":\"https:\/\/www.exhale-fans.com\/wp-content\/uploads\/2022\/09\/college-brasseur-air-30-08-2022.jpg\",\"articleSection\":[\"Blog DE Pro PLUS\",\"Blog Pro DE\",\"Home DE\"],\"inLanguage\":\"de\"},{\"@type\":\"WebPage\",\"@id\":\"https:\/\/www.exhale-fans.com\/de\/sommerliche-behaglichkeit-in-bildungseinrichtungen-deckenventilatoren-als-retter-in-der-not\/\",\"url\":\"https:\/\/www.brasseurs-air-re2020.com\/de\/sommerliche-behaglichkeit-in-bildungseinrichtungen-deckenventilatoren-als-retter-in-der-not\/\",\"name\":\"Sommerliche Behaglichkeit in Bildungseinrichtungen: Deckenventilatoren als Retter in der Not? - Exhale Fans\",\"isPartOf\":{\"@id\":\"https:\/\/www.exhale-fans.com\/de\/#website\"},\"primaryImageOfPage\":{\"@id\":\"https:\/\/www.brasseurs-air-re2020.com\/de\/sommerliche-behaglichkeit-in-bildungseinrichtungen-deckenventilatoren-als-retter-in-der-not\/#primaryimage\"},\"image\":{\"@id\":\"https:\/\/www.brasseurs-air-re2020.com\/de\/sommerliche-behaglichkeit-in-bildungseinrichtungen-deckenventilatoren-als-retter-in-der-not\/#primaryimage\"},\"thumbnailUrl\":\"https:\/\/www.exhale-fans.com\/wp-content\/uploads\/2022\/09\/college-brasseur-air-30-08-2022.jpg\",\"datePublished\":\"2022-09-08T10:00:55+00:00\",\"dateModified\":\"2024-09-03T14:38:59+00:00\",\"breadcrumb\":{\"@id\":\"https:\/\/www.brasseurs-air-re2020.com\/de\/sommerliche-behaglichkeit-in-bildungseinrichtungen-deckenventilatoren-als-retter-in-der-not\/#breadcrumb\"},\"inLanguage\":\"de\",\"potentialAction\":[{\"@type\":\"ReadAction\",\"target\":[\"https:\/\/www.brasseurs-air-re2020.com\/de\/sommerliche-behaglichkeit-in-bildungseinrichtungen-deckenventilatoren-als-retter-in-der-not\/\"]}]},{\"@type\":\"ImageObject\",\"inLanguage\":\"de\",\"@id\":\"https:\/\/www.brasseurs-air-re2020.com\/de\/sommerliche-behaglichkeit-in-bildungseinrichtungen-deckenventilatoren-als-retter-in-der-not\/#primaryimage\",\"url\":\"https:\/\/www.exhale-fans.com\/wp-content\/uploads\/2022\/09\/college-brasseur-air-30-08-2022.jpg\",\"contentUrl\":\"https:\/\/www.exhale-fans.com\/wp-content\/uploads\/2022\/09\/college-brasseur-air-30-08-2022.jpg\",\"width\":1080,\"height\":715},{\"@type\":\"BreadcrumbList\",\"@id\":\"https:\/\/www.brasseurs-air-re2020.com\/de\/sommerliche-behaglichkeit-in-bildungseinrichtungen-deckenventilatoren-als-retter-in-der-not\/#breadcrumb\",\"itemListElement\":[{\"@type\":\"ListItem\",\"position\":1,\"name\":\"Deckenventilator\",\"item\":\"https:\/\/www.exhale-fans.com\/de\/\"},{\"@type\":\"ListItem\",\"position\":2,\"name\":\"Sommerliche Behaglichkeit in Bildungseinrichtungen: Deckenventilatoren als Retter in der Not?\"}]},{\"@type\":\"WebSite\",\"@id\":\"https:\/\/www.exhale-fans.com\/de\/#website\",\"url\":\"https:\/\/www.exhale-fans.com\/de\/\",\"name\":\"Exhale Fans\",\"description\":\"Exhale Fans\",\"publisher\":{\"@id\":\"https:\/\/www.exhale-fans.com\/de\/#organization\"},\"potentialAction\":[{\"@type\":\"SearchAction\",\"target\":{\"@type\":\"EntryPoint\",\"urlTemplate\":\"https:\/\/www.exhale-fans.com\/de\/?s={search_term_string}\"},\"query-input\":{\"@type\":\"PropertyValueSpecification\",\"valueRequired\":true,\"valueName\":\"search_term_string\"}}],\"inLanguage\":\"de\"},{\"@type\":\"Organization\",\"@id\":\"https:\/\/www.exhale-fans.com\/de\/#organization\",\"name\":\"Exhale Fans\",\"url\":\"https:\/\/www.exhale-fans.com\/de\/\",\"logo\":{\"@type\":\"ImageObject\",\"inLanguage\":\"de\",\"@id\":\"https:\/\/www.exhale-fans.com\/de\/#\/schema\/logo\/image\/\",\"url\":\"https:\/\/www.exhale-fans.com\/wp-content\/uploads\/2018\/09\/exhale-logo.png\",\"contentUrl\":\"https:\/\/www.exhale-fans.com\/wp-content\/uploads\/2018\/09\/exhale-logo.png\",\"width\":140,\"height\":43,\"caption\":\"Exhale Fans\"},\"image\":{\"@id\":\"https:\/\/www.exhale-fans.com\/de\/#\/schema\/logo\/image\/\"},\"sameAs\":[\"https:\/\/www.facebook.com\/exhale.europe\",\"https:\/\/www.instagram.com\/exhalefanseu\/\"]},{\"@type\":\"Person\",\"@id\":\"https:\/\/www.exhale-fans.com\/de\/#\/schema\/person\/3693838ba30391ab5d72ee097e55be7e\",\"name\":\"Exhale Fans Europe\",\"image\":{\"@type\":\"ImageObject\",\"inLanguage\":\"de\",\"@id\":\"https:\/\/www.exhale-fans.com\/de\/#\/schema\/person\/image\/\",\"url\":\"https:\/\/secure.gravatar.com\/avatar\/0cc57458f76be9103b5365114139e2adbf54aafca10f9e65ff2db8ec5e0108b2?s=96&d=mm&r=g\",\"contentUrl\":\"https:\/\/secure.gravatar.com\/avatar\/0cc57458f76be9103b5365114139e2adbf54aafca10f9e65ff2db8ec5e0108b2?s=96&d=mm&r=g\",\"caption\":\"Exhale Fans Europe\"}}]}<\/script>\n<!-- \/ Yoast SEO plugin. -->","yoast_head_json":{"title":"Sommerliche Behaglichkeit in Bildungseinrichtungen: Deckenventilatoren als Retter in der Not? - Exhale Fans","robots":{"index":"index","follow":"follow","max-snippet":"max-snippet:-1","max-image-preview":"max-image-preview:large","max-video-preview":"max-video-preview:-1"},"canonical":"https:\/\/www.brasseurs-air-re2020.com\/de\/sommerliche-behaglichkeit-in-bildungseinrichtungen-deckenventilatoren-als-retter-in-der-not\/","og_locale":"de_DE","og_type":"article","og_title":"Sommerliche Behaglichkeit in Bildungseinrichtungen: Deckenventilatoren als Retter in der Not? - Exhale Fans","og_description":"Mit Hitzeperioden, die manchmal im Mai beginnen und im September enden, sind Bildungseinrichtungen zunehmend mit thermischem Unbehagen konfrontiert, das die Lernbedingungen verschlechtert. Welche L\u00f6sungen werden m\u00f6glich, um die Situation in bestehenden Geb\u00e4uden zu verbessern?","og_url":"https:\/\/www.brasseurs-air-re2020.com\/de\/sommerliche-behaglichkeit-in-bildungseinrichtungen-deckenventilatoren-als-retter-in-der-not\/","og_site_name":"Exhale Fans","article_publisher":"https:\/\/www.facebook.com\/exhale.europe","article_published_time":"2022-09-08T10:00:55+00:00","article_modified_time":"2024-09-03T14:38:59+00:00","og_image":[{"width":1080,"height":715,"url":"https:\/\/www.exhale-fans.com\/wp-content\/uploads\/2022\/09\/college-brasseur-air-30-08-2022.jpg","type":"image\/jpeg"}],"author":"Exhale Fans Europe","twitter_card":"summary_large_image","twitter_misc":{"Verfasst von":"Exhale Fans Europe","Gesch\u00e4tzte Lesezeit":"8\u00a0Minuten"},"schema":{"@context":"https:\/\/schema.org","@graph":[{"@type":"Article","@id":"https:\/\/www.brasseurs-air-re2020.com\/de\/sommerliche-behaglichkeit-in-bildungseinrichtungen-deckenventilatoren-als-retter-in-der-not\/#article","isPartOf":{"@id":"https:\/\/www.exhale-fans.com\/de\/sommerliche-behaglichkeit-in-bildungseinrichtungen-deckenventilatoren-als-retter-in-der-not\/"},"author":{"name":"Exhale Fans Europe","@id":"https:\/\/www.exhale-fans.com\/de\/#\/schema\/person\/3693838ba30391ab5d72ee097e55be7e"},"headline":"Sommerliche Behaglichkeit in Bildungseinrichtungen: Deckenventilatoren als Retter in der Not?","datePublished":"2022-09-08T10:00:55+00:00","dateModified":"2024-09-03T14:38:59+00:00","mainEntityOfPage":{"@id":"https:\/\/www.exhale-fans.com\/de\/sommerliche-behaglichkeit-in-bildungseinrichtungen-deckenventilatoren-als-retter-in-der-not\/"},"wordCount":5380,"publisher":{"@id":"https:\/\/www.exhale-fans.com\/de\/#organization"},"image":{"@id":"https:\/\/www.brasseurs-air-re2020.com\/de\/sommerliche-behaglichkeit-in-bildungseinrichtungen-deckenventilatoren-als-retter-in-der-not\/#primaryimage"},"thumbnailUrl":"https:\/\/www.exhale-fans.com\/wp-content\/uploads\/2022\/09\/college-brasseur-air-30-08-2022.jpg","articleSection":["Blog DE Pro PLUS","Blog Pro DE","Home DE"],"inLanguage":"de"},{"@type":"WebPage","@id":"https:\/\/www.exhale-fans.com\/de\/sommerliche-behaglichkeit-in-bildungseinrichtungen-deckenventilatoren-als-retter-in-der-not\/","url":"https:\/\/www.brasseurs-air-re2020.com\/de\/sommerliche-behaglichkeit-in-bildungseinrichtungen-deckenventilatoren-als-retter-in-der-not\/","name":"Sommerliche Behaglichkeit in Bildungseinrichtungen: Deckenventilatoren als Retter in der Not? - Exhale Fans","isPartOf":{"@id":"https:\/\/www.exhale-fans.com\/de\/#website"},"primaryImageOfPage":{"@id":"https:\/\/www.brasseurs-air-re2020.com\/de\/sommerliche-behaglichkeit-in-bildungseinrichtungen-deckenventilatoren-als-retter-in-der-not\/#primaryimage"},"image":{"@id":"https:\/\/www.brasseurs-air-re2020.com\/de\/sommerliche-behaglichkeit-in-bildungseinrichtungen-deckenventilatoren-als-retter-in-der-not\/#primaryimage"},"thumbnailUrl":"https:\/\/www.exhale-fans.com\/wp-content\/uploads\/2022\/09\/college-brasseur-air-30-08-2022.jpg","datePublished":"2022-09-08T10:00:55+00:00","dateModified":"2024-09-03T14:38:59+00:00","breadcrumb":{"@id":"https:\/\/www.brasseurs-air-re2020.com\/de\/sommerliche-behaglichkeit-in-bildungseinrichtungen-deckenventilatoren-als-retter-in-der-not\/#breadcrumb"},"inLanguage":"de","potentialAction":[{"@type":"ReadAction","target":["https:\/\/www.brasseurs-air-re2020.com\/de\/sommerliche-behaglichkeit-in-bildungseinrichtungen-deckenventilatoren-als-retter-in-der-not\/"]}]},{"@type":"ImageObject","inLanguage":"de","@id":"https:\/\/www.brasseurs-air-re2020.com\/de\/sommerliche-behaglichkeit-in-bildungseinrichtungen-deckenventilatoren-als-retter-in-der-not\/#primaryimage","url":"https:\/\/www.exhale-fans.com\/wp-content\/uploads\/2022\/09\/college-brasseur-air-30-08-2022.jpg","contentUrl":"https:\/\/www.exhale-fans.com\/wp-content\/uploads\/2022\/09\/college-brasseur-air-30-08-2022.jpg","width":1080,"height":715},{"@type":"BreadcrumbList","@id":"https:\/\/www.brasseurs-air-re2020.com\/de\/sommerliche-behaglichkeit-in-bildungseinrichtungen-deckenventilatoren-als-retter-in-der-not\/#breadcrumb","itemListElement":[{"@type":"ListItem","position":1,"name":"Deckenventilator","item":"https:\/\/www.exhale-fans.com\/de\/"},{"@type":"ListItem","position":2,"name":"Sommerliche Behaglichkeit in Bildungseinrichtungen: Deckenventilatoren als Retter in der Not?"}]},{"@type":"WebSite","@id":"https:\/\/www.exhale-fans.com\/de\/#website","url":"https:\/\/www.exhale-fans.com\/de\/","name":"Exhale Fans","description":"Exhale Fans","publisher":{"@id":"https:\/\/www.exhale-fans.com\/de\/#organization"},"potentialAction":[{"@type":"SearchAction","target":{"@type":"EntryPoint","urlTemplate":"https:\/\/www.exhale-fans.com\/de\/?s={search_term_string}"},"query-input":{"@type":"PropertyValueSpecification","valueRequired":true,"valueName":"search_term_string"}}],"inLanguage":"de"},{"@type":"Organization","@id":"https:\/\/www.exhale-fans.com\/de\/#organization","name":"Exhale Fans","url":"https:\/\/www.exhale-fans.com\/de\/","logo":{"@type":"ImageObject","inLanguage":"de","@id":"https:\/\/www.exhale-fans.com\/de\/#\/schema\/logo\/image\/","url":"https:\/\/www.exhale-fans.com\/wp-content\/uploads\/2018\/09\/exhale-logo.png","contentUrl":"https:\/\/www.exhale-fans.com\/wp-content\/uploads\/2018\/09\/exhale-logo.png","width":140,"height":43,"caption":"Exhale Fans"},"image":{"@id":"https:\/\/www.exhale-fans.com\/de\/#\/schema\/logo\/image\/"},"sameAs":["https:\/\/www.facebook.com\/exhale.europe","https:\/\/www.instagram.com\/exhalefanseu\/"]},{"@type":"Person","@id":"https:\/\/www.exhale-fans.com\/de\/#\/schema\/person\/3693838ba30391ab5d72ee097e55be7e","name":"Exhale Fans Europe","image":{"@type":"ImageObject","inLanguage":"de","@id":"https:\/\/www.exhale-fans.com\/de\/#\/schema\/person\/image\/","url":"https:\/\/secure.gravatar.com\/avatar\/0cc57458f76be9103b5365114139e2adbf54aafca10f9e65ff2db8ec5e0108b2?s=96&d=mm&r=g","contentUrl":"https:\/\/secure.gravatar.com\/avatar\/0cc57458f76be9103b5365114139e2adbf54aafca10f9e65ff2db8ec5e0108b2?s=96&d=mm&r=g","caption":"Exhale Fans Europe"}}]}},"_links":{"self":[{"href":"https:\/\/www.exhale-fans.com\/de\/wp-json\/wp\/v2\/posts\/32672","targetHints":{"allow":["GET"]}}],"collection":[{"href":"https:\/\/www.exhale-fans.com\/de\/wp-json\/wp\/v2\/posts"}],"about":[{"href":"https:\/\/www.exhale-fans.com\/de\/wp-json\/wp\/v2\/types\/post"}],"author":[{"embeddable":true,"href":"https:\/\/www.exhale-fans.com\/de\/wp-json\/wp\/v2\/users\/2"}],"replies":[{"embeddable":true,"href":"https:\/\/www.exhale-fans.com\/de\/wp-json\/wp\/v2\/comments?post=32672"}],"version-history":[{"count":12,"href":"https:\/\/www.exhale-fans.com\/de\/wp-json\/wp\/v2\/posts\/32672\/revisions"}],"predecessor-version":[{"id":36955,"href":"https:\/\/www.exhale-fans.com\/de\/wp-json\/wp\/v2\/posts\/32672\/revisions\/36955"}],"wp:featuredmedia":[{"embeddable":true,"href":"https:\/\/www.exhale-fans.com\/de\/wp-json\/wp\/v2\/media\/25412"}],"wp:attachment":[{"href":"https:\/\/www.exhale-fans.com\/de\/wp-json\/wp\/v2\/media?parent=32672"}],"wp:term":[{"taxonomy":"category","embeddable":true,"href":"https:\/\/www.exhale-fans.com\/de\/wp-json\/wp\/v2\/categories?post=32672"},{"taxonomy":"post_tag","embeddable":true,"href":"https:\/\/www.exhale-fans.com\/de\/wp-json\/wp\/v2\/tags?post=32672"}],"curies":[{"name":"wp","href":"https:\/\/api.w.org\/{rel}","templated":true}]}}