{"id":34651,"date":"2024-04-18T17:58:41","date_gmt":"2024-04-18T15:58:41","guid":{"rendered":"https:\/\/www.exhale-fans.com\/como-puedo-utilizar-un-ventilador-para-bajar-el-calor-del-techo\/"},"modified":"2025-07-27T18:05:38","modified_gmt":"2025-07-27T16:05:38","slug":"como-puedo-utilizar-un-ventilador-para-bajar-el-calor-del-techo","status":"publish","type":"post","link":"https:\/\/www.exhale-fans.com\/es\/como-puedo-utilizar-un-ventilador-para-bajar-el-calor-del-techo\/","title":{"rendered":"\u00bfC\u00f3mo puedo utilizar un ventilador para bajar el calor del techo?"},"content":{"rendered":"<div class=\"pdfprnt-buttons pdfprnt-buttons-post pdfprnt-top-right\"><a href=\"javascript: imageToPdf()\" class=\"pdfprnt-button pdfprnt-button-pdf\" target=\"_self\"><img decoding=\"async\" src=\"https:\/\/www.exhale-fans.com\/wp-content\/plugins\/pdf-print\/images\/pdf.png\" alt=\"image_pdf\" title=\"Ver PDF\" \/><span class=\"pdfprnt-button-title pdfprnt-button-pdf-title\">Download PDF<\/span><\/a><\/div><p>[et_pb_section fb_built=&#8221;1&#8243; _builder_version=&#8221;4.16&#8243; custom_padding=&#8221;7px||11px|||&#8221; z_index_tablet=&#8221;500&#8243; global_colors_info=&#8221;{}&#8221;][et_pb_row _builder_version=&#8221;4.16&#8243; background_size=&#8221;initial&#8221; background_position=&#8221;top_left&#8221; background_repeat=&#8221;repeat&#8221; custom_padding=&#8221;0px||14px||false|false&#8221; global_colors_info=&#8221;{}&#8221;][et_pb_column type=&#8221;4_4&#8243; _builder_version=&#8221;4.16&#8243; custom_padding=&#8221;|||&#8221; global_colors_info=&#8221;{}&#8221; custom_padding__hover=&#8221;|||&#8221;][et_pb_text ul_item_indent=&#8221;40px&#8221; disabled_on=&#8221;off|off|off&#8221; admin_label=&#8221;Texte &#8211; Encadr\u00e9 : Sommaire&#8221; _builder_version=&#8221;4.23.4&#8243; text_font=&#8221;Montserrat||||||||&#8221; ul_font=&#8221;||||||||&#8221; header_font=&#8221;||||||||&#8221; header_2_font=&#8221;Montserrat|700||on|||||&#8221; header_2_text_color=&#8221;#235ba8&#8243; header_2_font_size=&#8221;24px&#8221; header_2_line_height=&#8221;1.2em&#8221; header_3_font=&#8221;Montserrat|500|||||||&#8221; header_3_text_color=&#8221;#333&#8243; header_3_font_size=&#8221;18px&#8221; header_3_line_height=&#8221;1.1em&#8221; header_4_font=&#8221;Montserrat||||||||&#8221; header_4_font_size=&#8221;16px&#8221; header_4_line_height=&#8221;1.5em&#8221; background_color=&#8221;rgba(15,172,238,0.18)&#8221; text_orientation=&#8221;justified&#8221; custom_margin=&#8221;||40px||false|false&#8221; custom_padding=&#8221;18px|20px|18px|20px|true|true&#8221; z_index_tablet=&#8221;500&#8243; box_shadow_style=&#8221;preset2&#8243; locked=&#8221;off&#8221; global_colors_info=&#8221;{}&#8221;]<\/p>\n<h4>Cualquiera que viva en una casa con un altillo, un tejado catedral o simplemente una altura de techo superior a 4 metros conoce el problema.<br \/>\n\u00a1El calor sube!<br \/>\nAs\u00ed que cuando llega el invierno, \u00a1se calienta el techo!<br \/>\nY cuanto m\u00e1s alto es el techo, mayor es la diferencia.<\/h4>\n<p><\/p>\n<h4>Para bajar el calor estancado en el techo, existe una soluci\u00f3n muy sencilla llamada destratificador. Detr\u00e1s de este nombre b\u00e1rbaro se esconde un ventilador de techo equipado con un modo de confort invernal.<\/h4>\n<p>[\/et_pb_text][\/et_pb_column][\/et_pb_row][\/et_pb_section][et_pb_section fb_built=&#8221;1&#8243; _builder_version=&#8221;4.16&#8243; custom_padding=&#8221;7px||11px|||&#8221; z_index_tablet=&#8221;500&#8243; global_colors_info=&#8221;{}&#8221;][et_pb_row _builder_version=&#8221;4.16&#8243; background_size=&#8221;initial&#8221; background_position=&#8221;top_left&#8221; background_repeat=&#8221;repeat&#8221; custom_padding=&#8221;0px||14px||false|false&#8221; global_colors_info=&#8221;{}&#8221;][et_pb_column type=&#8221;4_4&#8243; _builder_version=&#8221;4.16&#8243; custom_padding=&#8221;|||&#8221; global_colors_info=&#8221;{}&#8221; custom_padding__hover=&#8221;|||&#8221;][et_pb_text ul_item_indent=&#8221;40px&#8221; admin_label=&#8221;Texte &#8211; Ilet du Centre : innovation \u00e0 tous les \u00e9tages&#8221; _builder_version=&#8221;4.23.4&#8243; text_font=&#8221;Montserrat||||||||&#8221; ul_font=&#8221;||||||||&#8221; header_font=&#8221;||||||||&#8221; header_2_font=&#8221;Montserrat|700||on|||||&#8221; header_2_text_align=&#8221;left&#8221; header_2_text_color=&#8221;#235ba8&#8243; header_2_font_size=&#8221;24px&#8221; header_2_line_height=&#8221;1.2em&#8221; header_3_font=&#8221;Montserrat|500|||||||&#8221; header_3_text_color=&#8221;#0facee&#8221; header_3_font_size=&#8221;20px&#8221; header_3_line_height=&#8221;1.1em&#8221; header_4_font=&#8221;Montserrat|500|||||||&#8221; header_4_line_height=&#8221;1.1em&#8221; text_orientation=&#8221;justified&#8221; custom_margin=&#8221;||20px||false|false&#8221; z_index_tablet=&#8221;500&#8243; global_colors_info=&#8221;{}&#8221;]<\/p>\n<h2>\u00bfQu\u00e9 es el modo confort invernal?<\/h2>\n<p>El modo confort de invierno es un modo en el que un ventilador (ventilador de techo con aspas) gira en sentido contrario para aspirar el aire hacia arriba en lugar de soplarlo hacia abajo.[\/et_pb_text][et_pb_image src=&#8221;https:\/\/www.exhale-fans.com\/wp-content\/uploads\/2021\/01\/ESP-schema-desestratificacion-del-aire-exhale-01.jpg&#8221; title_text=&#8221;ESP-schema-desestratificacion-del-aire-exhale-01&#8243; _builder_version=&#8221;4.23.4&#8243; _module_preset=&#8221;default&#8221; global_colors_info=&#8221;{}&#8221;][\/et_pb_image][et_pb_text ul_item_indent=&#8221;40px&#8221; admin_label=&#8221;Texte &#8211; Ilet du Centre : innovation \u00e0 tous les \u00e9tages&#8221; _builder_version=&#8221;4.23.4&#8243; text_font=&#8221;Montserrat||||||||&#8221; ul_font=&#8221;||||||||&#8221; header_font=&#8221;||||||||&#8221; header_2_font=&#8221;Montserrat|700||on|||||&#8221; header_2_text_color=&#8221;#235ba8&#8243; header_2_font_size=&#8221;24px&#8221; header_2_line_height=&#8221;1.2em&#8221; header_3_font=&#8221;Montserrat|500|||||||&#8221; header_3_text_color=&#8221;#0facee&#8221; header_3_font_size=&#8221;20px&#8221; header_3_line_height=&#8221;1.1em&#8221; header_4_font=&#8221;Montserrat|500|||||||&#8221; header_4_line_height=&#8221;1.1em&#8221; text_orientation=&#8221;justified&#8221; custom_margin=&#8221;||20px||false|false&#8221; z_index_tablet=&#8221;500&#8243; global_colors_info=&#8221;{}&#8221;]<\/p>\n<p>Agitar el aire (caliente) que se estanca en el techo romper\u00e1 las capas de temperatura que se forman de forma natural (aire fr\u00edo en el suelo, aire caliente en el centro y aire caliente en el techo).<\/p>\n<p><\/p>\n<p>Con sus 5 patentes, el ventilador de techo sin aspas Exhale es especialmente eficaz en esta tarea. A diferencia de los ventiladores con aspas, es capaz de soplar el aire en 360 grados y no s\u00f3lo por debajo. <br \/>Esto significa que el aire caliente del techo se agita realmente y se distribuye por todos los rincones de la habitaci\u00f3n, lo que facilita mucho la uniformidad de la temperatura desde el suelo hasta el techo.<\/p>\n<p><\/p>\n<p>Es importante tener en cuenta que, en cuanto se tiene un techo alto, un destratificador resulta \u00fatil, porque sea cual sea el rendimiento o el tipo de sistema de calefacci\u00f3n, \u00a1no hay nada que impida que el calor suba! <br \/>Esto provoca a menudo un sobrecalentamiento (del techo y de los suelos) para obtener una temperatura aceptable y confortable en el piso de abajo.<\/p>\n<p><\/p>\n<p>En este caso, un ventilador de techo Exhale es doblemente \u00fatil, tanto para el confort de los ocupantes como para ahorrar energ\u00eda (derroche ecol\u00f3gico y financiero).<\/p>\n<p>[\/et_pb_text][\/et_pb_column][\/et_pb_row][et_pb_row _builder_version=&#8221;4.16&#8243; background_size=&#8221;initial&#8221; background_position=&#8221;top_left&#8221; background_repeat=&#8221;repeat&#8221; custom_padding=&#8221;0px||14px||false|false&#8221; global_colors_info=&#8221;{}&#8221;][et_pb_column type=&#8221;4_4&#8243; _builder_version=&#8221;4.16&#8243; custom_padding=&#8221;|||&#8221; global_colors_info=&#8221;{}&#8221; custom_padding__hover=&#8221;|||&#8221;][et_pb_text ul_item_indent=&#8221;40px&#8221; admin_label=&#8221;Texte &#8211; Ilet du Centre : innovation \u00e0 tous les \u00e9tages&#8221; _builder_version=&#8221;4.23.4&#8243; text_font=&#8221;Montserrat||||||||&#8221; ul_font=&#8221;||||||||&#8221; header_font=&#8221;||||||||&#8221; header_2_font=&#8221;Montserrat|700||on|||||&#8221; header_2_text_align=&#8221;left&#8221; header_2_text_color=&#8221;#235ba8&#8243; header_2_font_size=&#8221;24px&#8221; header_2_line_height=&#8221;1.2em&#8221; header_3_font=&#8221;Montserrat|500|||||||&#8221; header_3_text_color=&#8221;#0facee&#8221; header_3_font_size=&#8221;20px&#8221; header_3_line_height=&#8221;1.1em&#8221; header_4_font=&#8221;Montserrat|500|||||||&#8221; header_4_line_height=&#8221;1.1em&#8221; text_orientation=&#8221;justified&#8221; custom_margin=&#8221;||20px||false|false&#8221; z_index_tablet=&#8221;500&#8243; global_colors_info=&#8221;{}&#8221;]<\/p>\n<h2>\u00bfCu\u00e1nto costar\u00eda en electricidad tener un Exhale funcionando las 24 horas del d\u00eda?<\/h2>\n<p><\/p>\n<p>Basado en una tarifa kWh muy inflacionista de 0,2516 euros (tarifa EDF de marzo de 2024). <br \/>Teniendo en cuenta que un ventilador Exhale a velocidad 1 (la m\u00e1s lenta \/ para confort en invierno), consume s\u00f3lo 4 vatios por hora. <br \/>A velocidad m\u00e1xima (velocidad 6 \/ para el confort estival), un Exhale consume 50 vatios por hora (tenga en cuenta que puede merecer la pena limitar la velocidad a la velocidad 5 de 6 para consumir s\u00f3lo 36 vatios para una velocidad del aire casi equivalente).<\/p>\n<p><\/p>\n<p>Durante un mes de 30 d\u00edas, funcionando 24 horas al d\u00eda, funcionar\u00e1 por tanto 24 x 30 = 720 horas\/mes.<\/p>\n<p><\/p>\n<ul>\n<li>A velocidad <span style=\"color: #ff0000;\">1<\/span> (confort invernal), una exhalaci\u00f3n funcionando 24 horas al d\u00eda consumir\u00e1 <span style=\"color: #ff0000;\">0,72 euros<\/span> de electricidad al mes.<\/li>\n<li>A velocidad <span style=\"color: #ff0000;\">6<\/span> (confort en verano), una exhalaci\u00f3n funcionando 24 horas al d\u00eda consumir\u00e1 <span style=\"color: #ff0000;\">9,05 euros<\/span> de electricidad al mes.<\/li>\n<\/ul>\n<p><\/p>\n\n<table id=\"tablepress-15\" class=\"tablepress tablepress-id-15\">\n<thead>\n<tr class=\"row-1\">\n\t<th class=\"column-1\">Velocidad<\/th><th class=\"column-2\">Consumo (vatios\/hora)<\/th><th class=\"column-3\">Coste vatio\/hora<\/th><th class=\"column-4\">Por d\u00eda (\u20ac)<\/th><th class=\"column-5\">Por mes (\u20ac)<\/th>\n<\/tr>\n<\/thead>\n<tbody class=\"row-hover\">\n<tr class=\"row-2\">\n\t<td class=\"column-1\">1<\/td><td class=\"column-2\">4<\/td><td class=\"column-3\">0,0002516<\/td><td class=\"column-4\">0,02415<\/td><td class=\"column-5\">0,7246<\/td>\n<\/tr>\n<tr class=\"row-3\">\n\t<td class=\"column-1\">3<\/td><td class=\"column-2\">9<\/td><td class=\"column-3\">0,0002516<\/td><td class=\"column-4\">0,05434<\/td><td class=\"column-5\">1,6303<\/td>\n<\/tr>\n<tr class=\"row-4\">\n\t<td class=\"column-1\">6<\/td><td class=\"column-2\">50<\/td><td class=\"column-3\">0,0002516<\/td><td class=\"column-4\">0,3019<\/td><td class=\"column-5\">9,05<\/td>\n<\/tr>\n<\/tbody>\n<\/table>\n<!-- #tablepress-15 from cache -->\n<p>[\/et_pb_text][\/et_pb_column][\/et_pb_row][et_pb_row _builder_version=&#8221;4.16&#8243; background_size=&#8221;initial&#8221; background_position=&#8221;top_left&#8221; background_repeat=&#8221;repeat&#8221; custom_padding=&#8221;0px||14px||false|false&#8221; global_colors_info=&#8221;{}&#8221;][et_pb_column type=&#8221;4_4&#8243; _builder_version=&#8221;4.16&#8243; custom_padding=&#8221;|||&#8221; global_colors_info=&#8221;{}&#8221; custom_padding__hover=&#8221;|||&#8221;][et_pb_text ul_item_indent=&#8221;40px&#8221; admin_label=&#8221;Texte &#8211; Ilet du Centre : innovation \u00e0 tous les \u00e9tages&#8221; _builder_version=&#8221;4.23.4&#8243; text_font=&#8221;Montserrat||||||||&#8221; ul_font=&#8221;||||||||&#8221; header_font=&#8221;||||||||&#8221; header_2_font=&#8221;Montserrat|700||on|||||&#8221; header_2_text_align=&#8221;left&#8221; header_2_text_color=&#8221;#235ba8&#8243; header_2_font_size=&#8221;24px&#8221; header_2_line_height=&#8221;1.2em&#8221; header_3_font=&#8221;Montserrat|500|||||||&#8221; header_3_text_color=&#8221;#0facee&#8221; header_3_font_size=&#8221;20px&#8221; header_3_line_height=&#8221;1.1em&#8221; header_4_font=&#8221;Montserrat|500|||||||&#8221; header_4_line_height=&#8221;1.1em&#8221; text_orientation=&#8221;justified&#8221; custom_margin=&#8221;||20px||false|false&#8221; z_index_tablet=&#8221;500&#8243; global_colors_info=&#8221;{}&#8221;]<\/p>\n<h2>\u00bfHasta qu\u00e9 altura es eficaz?<\/h2>\n<p>Un solo ventilador se considera eficaz para 500 metros c\u00fabicos (es decir, una habitaci\u00f3n de 60 metros cuadrados con una altura de techo de 8 metros).<br \/>Por encima de este volumen, recomendamos un segundo ventilador de techo Exhale para una mayor eficacia.[\/et_pb_text][\/et_pb_column][\/et_pb_row][\/et_pb_section][et_pb_section fb_built=&#8221;1&#8243; module_id=&#8221;contact&#8221; _builder_version=&#8221;4.16&#8243; custom_margin=&#8221;||||false|false&#8221; custom_padding=&#8221;||5px||false|false&#8221; border_width_all=&#8221;1px&#8221; locked=&#8221;off&#8221; global_colors_info=&#8221;{}&#8221;][et_pb_row column_structure=&#8221;1_2,1_2&#8243; _builder_version=&#8221;4.16&#8243; background_size=&#8221;initial&#8221; background_position=&#8221;top_left&#8221; background_repeat=&#8221;repeat&#8221; width=&#8221;90%&#8221; global_colors_info=&#8221;{}&#8221;][et_pb_column type=&#8221;1_2&#8243; _builder_version=&#8221;4.16&#8243; custom_padding=&#8221;|||&#8221; global_colors_info=&#8221;{}&#8221; custom_padding__hover=&#8221;|||&#8221;][et_pb_image src=&#8221;https:\/\/www.exhale-fans.com\/wp-content\/uploads\/2021\/06\/section-exhale-pro-01.jpg&#8221; alt=&#8221;Acceso a Exhale para profesionales&#8221; title_text=&#8221;section-exhale-pro-01&#8243; align=&#8221;center&#8221; _builder_version=&#8221;4.16&#8243; _module_preset=&#8221;default&#8221; custom_margin=&#8221;-65px||0px||false|false&#8221; custom_padding=&#8221;||||false|false&#8221; global_colors_info=&#8221;{}&#8221;][\/et_pb_image][et_pb_text admin_label=&#8221;Title&#8221; _builder_version=&#8221;4.16&#8243; text_font=&#8221;Montserrat|||on|||||&#8221; text_text_color=&#8221;#0facee&#8221; text_font_size=&#8221;18px&#8221; header_2_font=&#8221;Montserrat|600||on|||||&#8221; header_2_line_height=&#8221;1.2em&#8221; text_orientation=&#8221;center&#8221; module_alignment=&#8221;center&#8221; custom_margin=&#8221;||||false|false&#8221; animation_style=&#8221;fade&#8221; global_colors_info=&#8221;{}&#8221;]<\/p>\n<p>Exhale, el primer ventilador de techo con efecto v\u00f3rtice sin aspas<\/p>\n<p>[\/et_pb_text][\/et_pb_column][et_pb_column type=&#8221;1_2&#8243; _builder_version=&#8221;4.16&#8243; custom_padding=&#8221;|||&#8221; global_colors_info=&#8221;{}&#8221; custom_padding__hover=&#8221;|||&#8221;][et_pb_text admin_label=&#8221;Title&#8221; _builder_version=&#8221;4.16&#8243; text_font=&#8221;Montserrat||||||||&#8221; text_font_size=&#8221;18px&#8221; header_2_font=&#8221;Montserrat|600||on|||||&#8221; header_2_line_height=&#8221;1.2em&#8221; text_orientation=&#8221;center&#8221; module_alignment=&#8221;center&#8221; custom_margin=&#8221;||||false|false&#8221; animation_style=&#8221;fade&#8221; global_colors_info=&#8221;{}&#8221;]<\/p>\n<p>\u00bfEs usted profesional? Tenemos un espacio dedicado a usted.<\/p>\n<p>[\/et_pb_text][et_pb_button button_url=&#8221;@ET-DC@eyJkeW5hbWljIjp0cnVlLCJjb250ZW50IjoicG9zdF9saW5rX3VybF9wYWdlIiwic2V0dGluZ3MiOnsicG9zdF9pZCI6IjExODY2In19@&#8221; button_text=&#8221;Ir a la secci\u00f3n profesional&#8221; button_alignment=&#8221;center&#8221; disabled_on=&#8221;off|off|off&#8221; admin_label=&#8221;Bouton Boutique en ligne&#8221; _builder_version=&#8221;4.16&#8243; _dynamic_attributes=&#8221;button_url&#8221; custom_button=&#8221;on&#8221; button_text_size=&#8221;16&#8243; button_text_color=&#8221;#0a4f96&#8243; button_bg_color=&#8221;#f7f01b&#8221; button_border_width=&#8221;0px&#8221; button_border_color=&#8221;#0a4f96&#8243; button_border_radius=&#8221;4px&#8221; button_letter_spacing=&#8221;1px&#8221; button_font=&#8221;Montserrat|700||on|||||&#8221; button_icon=&#8221;&#xe0e5;||divi||400&#8243; button_icon_color=&#8221;#0a4f96&#8243; button_on_hover=&#8221;off&#8221; custom_margin=&#8221;||||false|false&#8221; custom_padding=&#8221;10px|46px|10px|27px|true|false&#8221; animation_direction=&#8221;right&#8221; z_index_tablet=&#8221;500&#8243; box_shadow_style=&#8221;preset3&#8243; saved_tabs=&#8221;all&#8221; locked=&#8221;off&#8221; global_colors_info=&#8221;{}&#8221; button_text_size__hover_enabled=&#8221;on|desktop&#8221; button_text_size__hover=&#8221;16px&#8221; button_one_text_size__hover_enabled=&#8221;off&#8221; button_one_text_size__hover=&#8221;null&#8221; button_two_text_size__hover_enabled=&#8221;off&#8221; button_two_text_size__hover=&#8221;null&#8221; button_text_color__hover_enabled=&#8221;off|desktop&#8221; button_text_color__hover=&#8221;#0a4f96&#8243; button_one_text_color__hover_enabled=&#8221;off&#8221; button_one_text_color__hover=&#8221;null&#8221; button_two_text_color__hover_enabled=&#8221;off&#8221; button_two_text_color__hover=&#8221;null&#8221; button_border_width__hover_enabled=&#8221;off&#8221; button_border_width__hover=&#8221;null&#8221; button_one_border_width__hover_enabled=&#8221;off&#8221; button_one_border_width__hover=&#8221;null&#8221; button_two_border_width__hover_enabled=&#8221;off&#8221; button_two_border_width__hover=&#8221;null&#8221; button_border_color__hover_enabled=&#8221;on&#8221; button_border_color__hover=&#8221;#747d88&#8243; button_one_border_color__hover_enabled=&#8221;off&#8221; button_one_border_color__hover=&#8221;null&#8221; button_two_border_color__hover_enabled=&#8221;off&#8221; button_two_border_color__hover=&#8221;null&#8221; button_border_radius__hover_enabled=&#8221;off&#8221; button_border_radius__hover=&#8221;null&#8221; button_one_border_radius__hover_enabled=&#8221;off&#8221; button_one_border_radius__hover=&#8221;null&#8221; button_two_border_radius__hover_enabled=&#8221;off&#8221; button_two_border_radius__hover=&#8221;null&#8221; button_letter_spacing__hover_enabled=&#8221;on|desktop&#8221; button_letter_spacing__hover=&#8221;1px&#8221; button_one_letter_spacing__hover_enabled=&#8221;off&#8221; button_one_letter_spacing__hover=&#8221;null&#8221; button_two_letter_spacing__hover_enabled=&#8221;off&#8221; button_two_letter_spacing__hover=&#8221;null&#8221; button_bg_color__hover_enabled=&#8221;on|hover&#8221; button_bg_color__hover=&#8221;#f7f01b&#8221; button_one_bg_color__hover_enabled=&#8221;off&#8221; button_one_bg_color__hover=&#8221;null&#8221; button_two_bg_color__hover_enabled=&#8221;off&#8221; button_two_bg_color__hover=&#8221;null&#8221; custom_padding__hover_enabled=&#8221;on|hover&#8221; custom_padding__hover=&#8221;7px|41px|7px|22px|true|false&#8221; button_bg_enable_color__hover=&#8221;on&#8221; custom_margin__hover_enabled=&#8221;on|hover&#8221; custom_margin__hover=&#8221;3px||3px||false|false&#8221;][\/et_pb_button][et_pb_text admin_label=&#8221;Title&#8221; _builder_version=&#8221;4.16&#8243; text_font=&#8221;Montserrat||||||||&#8221; text_font_size=&#8221;16px&#8221; header_2_font=&#8221;Montserrat|600||on|||||&#8221; header_2_line_height=&#8221;1.2em&#8221; text_orientation=&#8221;center&#8221; module_alignment=&#8221;center&#8221; custom_margin=&#8221;||||false|false&#8221; custom_padding=&#8221;12px||||false|false&#8221; animation_style=&#8221;fade&#8221; global_colors_info=&#8221;{}&#8221;]<\/p>\n<p>Encuentre a Exhale Fans Europe en <a href=\"https:\/\/www.linkedin.com\/company\/exhale-europe\/\" target=\"_blank\" rel=\"noopener noreferrer\">Linkedin<\/a><\/p>\n<p>[\/et_pb_text][\/et_pb_column][\/et_pb_row][\/et_pb_section][et_pb_section fb_built=&#8221;1&#8243; module_id=&#8221;contact&#8221; _builder_version=&#8221;4.16&#8243; custom_margin=&#8221;||||false|false&#8221; custom_padding=&#8221;||||false|false&#8221; locked=&#8221;off&#8221; global_colors_info=&#8221;{}&#8221;][et_pb_row _builder_version=&#8221;4.16&#8243; background_size=&#8221;initial&#8221; background_position=&#8221;top_left&#8221; background_repeat=&#8221;repeat&#8221; global_colors_info=&#8221;{}&#8221;][et_pb_column type=&#8221;4_4&#8243; _builder_version=&#8221;4.16&#8243; custom_padding=&#8221;|||&#8221; global_colors_info=&#8221;{}&#8221; custom_padding__hover=&#8221;|||&#8221;][et_pb_text admin_label=&#8221;Title&#8221; _builder_version=&#8221;4.21.0&#8243; text_font=&#8221;Montserrat||||||||&#8221; header_2_font=&#8221;Montserrat|600||on|||||&#8221; header_2_line_height=&#8221;1.2em&#8221; text_orientation=&#8221;center&#8221; module_alignment=&#8221;center&#8221; custom_margin=&#8221;||0px|&#8221; animation_style=&#8221;fade&#8221; global_colors_info=&#8221;{}&#8221;]<\/p>\n<h2>Diga lo que piensa, \u00a1pregunte a nuestros expertos!<\/h2>\n<p>[\/et_pb_text][\/et_pb_column][\/et_pb_row][et_pb_row column_structure=&#8221;1_5,3_5,1_5&#8243; _builder_version=&#8221;4.16&#8243; background_size=&#8221;initial&#8221; background_position=&#8221;top_left&#8221; background_repeat=&#8221;repeat&#8221; global_colors_info=&#8221;{}&#8221;][et_pb_column type=&#8221;1_5&#8243; _builder_version=&#8221;4.16&#8243; custom_padding=&#8221;|||&#8221; global_colors_info=&#8221;{}&#8221; custom_padding__hover=&#8221;|||&#8221;][\/et_pb_column][et_pb_column type=&#8221;3_5&#8243; _builder_version=&#8221;4.16&#8243; custom_padding=&#8221;|||&#8221; global_colors_info=&#8221;{}&#8221; custom_padding__hover=&#8221;|||&#8221;][et_pb_contact_form email=&#8221;info@exhale-europe.com&#8221; custom_message=&#8221;Exhale-fans.com : Blog ESPAGNOL &#8211; Comment faire redescendre la chaleur qui stagne au plafond avec un ventilateur ?||et_pb_line_break_holder||||et_pb_line_break_holder||Nom : %%Last_Name%%||et_pb_line_break_holder||Pr\u00e9nom : %%First_Name%%||et_pb_line_break_holder||Email : %%email%%||et_pb_line_break_holder||T\u00e9l\u00e9phone : %%telephone%%||et_pb_line_break_holder||Code postal : %%postal%%||et_pb_line_break_holder||Ville : %%ville%%||et_pb_line_break_holder||Message : %%Message%%||et_pb_line_break_holder||||et_pb_line_break_holder||%%Field_8%%&#8221; submit_button_text=&#8221;Enviar&#8221; module_id=&#8221;et_pb_contact_form_0&#8243; _builder_version=&#8221;4.27.4&#8243; _unique_id=&#8221;bb786200-6e60-4eeb-b0b3-59711241a704&#8243; form_field_background_color=&#8221;#f2f2f2&#8243; form_field_font=&#8221;Montserrat||||||||&#8221; form_field_font_size=&#8221;16px&#8221; button_icon=&#8221;&#x24;||divi||400&#8243; max_width=&#8221;750px&#8221; module_alignment=&#8221;center&#8221; animation_style=&#8221;fade&#8221; hover_enabled=&#8221;0&#8243; z_index_tablet=&#8221;500&#8243; form_background_color=&#8221;#f2f2f2&#8243; global_colors_info=&#8221;{}&#8221; use_spam_service=&#8221;on&#8221; recaptcha_min_score=&#8221;0.7&#8243; sticky_enabled=&#8221;0&#8243;][et_pb_contact_field field_id=&#8221;Last_Name&#8221; field_title=&#8221;Apellido&#8221; _builder_version=&#8221;4.16&#8243; form_field_font=&#8221;||||||||&#8221; max_width=&#8221;100%&#8221; max_width_tablet=&#8221;100%&#8221; max_width_phone=&#8221;100%&#8221; global_colors_info=&#8221;{}&#8221; button_text_size__hover_enabled=&#8221;off&#8221; button_one_text_size__hover_enabled=&#8221;off&#8221; button_two_text_size__hover_enabled=&#8221;off&#8221; button_text_color__hover_enabled=&#8221;off&#8221; button_one_text_color__hover_enabled=&#8221;off&#8221; button_two_text_color__hover_enabled=&#8221;off&#8221; button_border_width__hover_enabled=&#8221;off&#8221; button_one_border_width__hover_enabled=&#8221;off&#8221; button_two_border_width__hover_enabled=&#8221;off&#8221; button_border_color__hover_enabled=&#8221;off&#8221; button_one_border_color__hover_enabled=&#8221;off&#8221; button_two_border_color__hover_enabled=&#8221;off&#8221; button_border_radius__hover_enabled=&#8221;off&#8221; button_one_border_radius__hover_enabled=&#8221;off&#8221; button_two_border_radius__hover_enabled=&#8221;off&#8221; button_letter_spacing__hover_enabled=&#8221;off&#8221; button_one_letter_spacing__hover_enabled=&#8221;off&#8221; button_two_letter_spacing__hover_enabled=&#8221;off&#8221; button_bg_color__hover_enabled=&#8221;off&#8221; button_one_bg_color__hover_enabled=&#8221;off&#8221; button_two_bg_color__hover_enabled=&#8221;off&#8221;][\/et_pb_contact_field][et_pb_contact_field field_id=&#8221;First_Name&#8221; field_title=&#8221;Nombre&#8221; _builder_version=&#8221;4.16&#8243; form_field_font=&#8221;||||||||&#8221; max_width=&#8221;100%&#8221; max_width_tablet=&#8221;100%&#8221; max_width_phone=&#8221;100%&#8221; global_colors_info=&#8221;{}&#8221; button_text_size__hover_enabled=&#8221;off&#8221; button_one_text_size__hover_enabled=&#8221;off&#8221; button_two_text_size__hover_enabled=&#8221;off&#8221; button_text_color__hover_enabled=&#8221;off&#8221; button_one_text_color__hover_enabled=&#8221;off&#8221; button_two_text_color__hover_enabled=&#8221;off&#8221; button_border_width__hover_enabled=&#8221;off&#8221; button_one_border_width__hover_enabled=&#8221;off&#8221; button_two_border_width__hover_enabled=&#8221;off&#8221; button_border_color__hover_enabled=&#8221;off&#8221; button_one_border_color__hover_enabled=&#8221;off&#8221; button_two_border_color__hover_enabled=&#8221;off&#8221; button_border_radius__hover_enabled=&#8221;off&#8221; button_one_border_radius__hover_enabled=&#8221;off&#8221; button_two_border_radius__hover_enabled=&#8221;off&#8221; button_letter_spacing__hover_enabled=&#8221;off&#8221; button_one_letter_spacing__hover_enabled=&#8221;off&#8221; button_two_letter_spacing__hover_enabled=&#8221;off&#8221; button_bg_color__hover_enabled=&#8221;off&#8221; button_one_bg_color__hover_enabled=&#8221;off&#8221; button_two_bg_color__hover_enabled=&#8221;off&#8221;][\/et_pb_contact_field][et_pb_contact_field field_id=&#8221;email&#8221; field_title=&#8221;Correo electr\u00f3nico&#8221; field_type=&#8221;email&#8221; _builder_version=&#8221;4.16&#8243; form_field_font=&#8221;||||||||&#8221; max_width=&#8221;100%&#8221; max_width_tablet=&#8221;100%&#8221; max_width_phone=&#8221;100%&#8221; global_colors_info=&#8221;{}&#8221; button_text_size__hover_enabled=&#8221;off&#8221; button_one_text_size__hover_enabled=&#8221;off&#8221; button_two_text_size__hover_enabled=&#8221;off&#8221; button_text_color__hover_enabled=&#8221;off&#8221; button_one_text_color__hover_enabled=&#8221;off&#8221; button_two_text_color__hover_enabled=&#8221;off&#8221; button_border_width__hover_enabled=&#8221;off&#8221; button_one_border_width__hover_enabled=&#8221;off&#8221; button_two_border_width__hover_enabled=&#8221;off&#8221; button_border_color__hover_enabled=&#8221;off&#8221; button_one_border_color__hover_enabled=&#8221;off&#8221; button_two_border_color__hover_enabled=&#8221;off&#8221; button_border_radius__hover_enabled=&#8221;off&#8221; button_one_border_radius__hover_enabled=&#8221;off&#8221; button_two_border_radius__hover_enabled=&#8221;off&#8221; button_letter_spacing__hover_enabled=&#8221;off&#8221; button_one_letter_spacing__hover_enabled=&#8221;off&#8221; button_two_letter_spacing__hover_enabled=&#8221;off&#8221; button_bg_color__hover_enabled=&#8221;off&#8221; button_one_bg_color__hover_enabled=&#8221;off&#8221; button_two_bg_color__hover_enabled=&#8221;off&#8221;][\/et_pb_contact_field][et_pb_contact_field field_id=&#8221;telephone&#8221; field_title=&#8221;Tel\u00e9fono&#8221; _builder_version=&#8221;4.16&#8243; form_field_font=&#8221;||||||||&#8221; max_width=&#8221;100%&#8221; max_width_tablet=&#8221;100%&#8221; max_width_phone=&#8221;100%&#8221; global_colors_info=&#8221;{}&#8221; button_text_size__hover_enabled=&#8221;off&#8221; button_one_text_size__hover_enabled=&#8221;off&#8221; button_two_text_size__hover_enabled=&#8221;off&#8221; button_text_color__hover_enabled=&#8221;off&#8221; button_one_text_color__hover_enabled=&#8221;off&#8221; button_two_text_color__hover_enabled=&#8221;off&#8221; button_border_width__hover_enabled=&#8221;off&#8221; button_one_border_width__hover_enabled=&#8221;off&#8221; button_two_border_width__hover_enabled=&#8221;off&#8221; button_border_color__hover_enabled=&#8221;off&#8221; button_one_border_color__hover_enabled=&#8221;off&#8221; button_two_border_color__hover_enabled=&#8221;off&#8221; button_border_radius__hover_enabled=&#8221;off&#8221; button_one_border_radius__hover_enabled=&#8221;off&#8221; button_two_border_radius__hover_enabled=&#8221;off&#8221; button_letter_spacing__hover_enabled=&#8221;off&#8221; button_one_letter_spacing__hover_enabled=&#8221;off&#8221; button_two_letter_spacing__hover_enabled=&#8221;off&#8221; button_bg_color__hover_enabled=&#8221;off&#8221; button_one_bg_color__hover_enabled=&#8221;off&#8221; button_two_bg_color__hover_enabled=&#8221;off&#8221;][\/et_pb_contact_field][et_pb_contact_field field_id=&#8221;postal&#8221; field_title=&#8221;C\u00f3digo postal&#8221; _builder_version=&#8221;4.16&#8243; form_field_font=&#8221;||||||||&#8221; max_width=&#8221;100%&#8221; max_width_tablet=&#8221;100%&#8221; max_width_phone=&#8221;100%&#8221; global_colors_info=&#8221;{}&#8221; button_text_size__hover_enabled=&#8221;off&#8221; button_one_text_size__hover_enabled=&#8221;off&#8221; button_two_text_size__hover_enabled=&#8221;off&#8221; button_text_color__hover_enabled=&#8221;off&#8221; button_one_text_color__hover_enabled=&#8221;off&#8221; button_two_text_color__hover_enabled=&#8221;off&#8221; button_border_width__hover_enabled=&#8221;off&#8221; button_one_border_width__hover_enabled=&#8221;off&#8221; button_two_border_width__hover_enabled=&#8221;off&#8221; button_border_color__hover_enabled=&#8221;off&#8221; button_one_border_color__hover_enabled=&#8221;off&#8221; button_two_border_color__hover_enabled=&#8221;off&#8221; button_border_radius__hover_enabled=&#8221;off&#8221; button_one_border_radius__hover_enabled=&#8221;off&#8221; button_two_border_radius__hover_enabled=&#8221;off&#8221; button_letter_spacing__hover_enabled=&#8221;off&#8221; button_one_letter_spacing__hover_enabled=&#8221;off&#8221; button_two_letter_spacing__hover_enabled=&#8221;off&#8221; button_bg_color__hover_enabled=&#8221;off&#8221; button_one_bg_color__hover_enabled=&#8221;off&#8221; button_two_bg_color__hover_enabled=&#8221;off&#8221;][\/et_pb_contact_field][et_pb_contact_field field_id=&#8221;ville&#8221; field_title=&#8221;Ciudad&#8221; _builder_version=&#8221;4.16&#8243; form_field_font=&#8221;||||||||&#8221; max_width=&#8221;100%&#8221; max_width_tablet=&#8221;100%&#8221; max_width_phone=&#8221;100%&#8221; global_colors_info=&#8221;{}&#8221; button_text_size__hover_enabled=&#8221;off&#8221; button_one_text_size__hover_enabled=&#8221;off&#8221; button_two_text_size__hover_enabled=&#8221;off&#8221; button_text_color__hover_enabled=&#8221;off&#8221; button_one_text_color__hover_enabled=&#8221;off&#8221; button_two_text_color__hover_enabled=&#8221;off&#8221; button_border_width__hover_enabled=&#8221;off&#8221; button_one_border_width__hover_enabled=&#8221;off&#8221; button_two_border_width__hover_enabled=&#8221;off&#8221; button_border_color__hover_enabled=&#8221;off&#8221; button_one_border_color__hover_enabled=&#8221;off&#8221; button_two_border_color__hover_enabled=&#8221;off&#8221; button_border_radius__hover_enabled=&#8221;off&#8221; button_one_border_radius__hover_enabled=&#8221;off&#8221; button_two_border_radius__hover_enabled=&#8221;off&#8221; button_letter_spacing__hover_enabled=&#8221;off&#8221; button_one_letter_spacing__hover_enabled=&#8221;off&#8221; button_two_letter_spacing__hover_enabled=&#8221;off&#8221; button_bg_color__hover_enabled=&#8221;off&#8221; button_one_bg_color__hover_enabled=&#8221;off&#8221; button_two_bg_color__hover_enabled=&#8221;off&#8221;][\/et_pb_contact_field][et_pb_contact_field field_id=&#8221;Message&#8221; field_title=&#8221;Su mensaje&#8221; field_type=&#8221;text&#8221; fullwidth_field=&#8221;on&#8221; _builder_version=&#8221;4.16&#8243; form_field_font=&#8221;||||||||&#8221; max_width=&#8221;100%&#8221; max_width_tablet=&#8221;100%&#8221; max_width_phone=&#8221;100%&#8221; global_colors_info=&#8221;{}&#8221; button_text_size__hover_enabled=&#8221;off&#8221; button_one_text_size__hover_enabled=&#8221;off&#8221; button_two_text_size__hover_enabled=&#8221;off&#8221; button_text_color__hover_enabled=&#8221;off&#8221; button_one_text_color__hover_enabled=&#8221;off&#8221; button_two_text_color__hover_enabled=&#8221;off&#8221; button_border_width__hover_enabled=&#8221;off&#8221; button_one_border_width__hover_enabled=&#8221;off&#8221; button_two_border_width__hover_enabled=&#8221;off&#8221; button_border_color__hover_enabled=&#8221;off&#8221; button_one_border_color__hover_enabled=&#8221;off&#8221; button_two_border_color__hover_enabled=&#8221;off&#8221; button_border_radius__hover_enabled=&#8221;off&#8221; button_one_border_radius__hover_enabled=&#8221;off&#8221; button_two_border_radius__hover_enabled=&#8221;off&#8221; button_letter_spacing__hover_enabled=&#8221;off&#8221; button_one_letter_spacing__hover_enabled=&#8221;off&#8221; button_two_letter_spacing__hover_enabled=&#8221;off&#8221; button_bg_color__hover_enabled=&#8221;off&#8221; button_one_bg_color__hover_enabled=&#8221;off&#8221; button_two_bg_color__hover_enabled=&#8221;off&#8221;][\/et_pb_contact_field][\/et_pb_contact_form][\/et_pb_column][et_pb_column type=&#8221;1_5&#8243; _builder_version=&#8221;4.16&#8243; custom_padding=&#8221;|||&#8221; global_colors_info=&#8221;{}&#8221; custom_padding__hover=&#8221;|||&#8221;][\/et_pb_column][\/et_pb_row][\/et_pb_section]<\/p>\n","protected":false},"excerpt":{"rendered":"<p>Cualquiera que viva en una casa con un entresuelo, un techo catedral o simplemente una altura de techo superior a 4 metros conoce el problema. El calor sube y uno tiene la sensaci\u00f3n de estar calentando el techo.<br \/>\nPara bajar el calor que se estanca en el techo, hay una soluci\u00f3n muy sencilla llamada destratificador.<\/p>\n","protected":false},"author":2,"featured_media":34473,"comment_status":"closed","ping_status":"open","sticky":false,"template":"","format":"standard","meta":{"_et_pb_use_builder":"on","_et_pb_old_content":"","_et_gb_content_width":"","footnotes":""},"categories":[85],"tags":[],"class_list":["post-34651","post","type-post","status-publish","format-standard","has-post-thumbnail","hentry","category-blog-es"],"yoast_head":"<!-- This site is optimized with the Yoast SEO plugin v26.6 - https:\/\/yoast.com\/wordpress\/plugins\/seo\/ -->\n<title>Ventilador de techo para bajar el calor<\/title>\n<meta name=\"description\" content=\"Ventilateur de plafond pour r\u00e9duire la chaleur\" \/>\n<meta name=\"robots\" content=\"index, follow, max-snippet:-1, max-image-preview:large, max-video-preview:-1\" \/>\n<link rel=\"canonical\" href=\"https:\/\/www.exhale-fans.com\/es\/como-puedo-utilizar-un-ventilador-para-bajar-el-calor-del-techo\/\" \/>\n<meta property=\"og:locale\" content=\"es_ES\" \/>\n<meta property=\"og:type\" content=\"article\" \/>\n<meta property=\"og:title\" content=\"Ventilador de techo para bajar el calor\" \/>\n<meta property=\"og:description\" content=\"Ventilateur de plafond pour r\u00e9duire la chaleur\" \/>\n<meta property=\"og:url\" content=\"https:\/\/www.exhale-fans.com\/es\/como-puedo-utilizar-un-ventilador-para-bajar-el-calor-del-techo\/\" \/>\n<meta property=\"og:site_name\" content=\"Exhale Fans\" \/>\n<meta property=\"article:publisher\" content=\"https:\/\/www.facebook.com\/exhale.europe\" \/>\n<meta property=\"article:published_time\" content=\"2024-04-18T15:58:41+00:00\" \/>\n<meta property=\"article:modified_time\" content=\"2025-07-27T16:05:38+00:00\" \/>\n<meta property=\"og:image\" content=\"https:\/\/www.exhale-fans.com\/wp-content\/uploads\/2024\/04\/comment-faire-redescendre-la-chaleur-qui-stagne-au-plafond-01.jpg\" \/>\n\t<meta property=\"og:image:width\" content=\"1100\" \/>\n\t<meta property=\"og:image:height\" content=\"619\" \/>\n\t<meta property=\"og:image:type\" content=\"image\/jpeg\" \/>\n<meta name=\"author\" content=\"Exhale Fans Europe\" \/>\n<meta name=\"twitter:card\" content=\"summary_large_image\" \/>\n<meta name=\"twitter:label1\" content=\"Escrito por\" \/>\n\t<meta name=\"twitter:data1\" content=\"Exhale Fans Europe\" \/>\n\t<meta name=\"twitter:label2\" content=\"Tiempo de lectura\" \/>\n\t<meta name=\"twitter:data2\" content=\"18 minutos\" \/>\n<script type=\"application\/ld+json\" class=\"yoast-schema-graph\">{\"@context\":\"https:\/\/schema.org\",\"@graph\":[{\"@type\":\"Article\",\"@id\":\"https:\/\/www.exhale-fans.com\/es\/como-puedo-utilizar-un-ventilador-para-bajar-el-calor-del-techo\/#article\",\"isPartOf\":{\"@id\":\"https:\/\/www.exhale-fans.com\/es\/como-puedo-utilizar-un-ventilador-para-bajar-el-calor-del-techo\/\"},\"author\":{\"name\":\"Exhale Fans Europe\",\"@id\":\"https:\/\/www.exhale-fans.com\/es\/#\/schema\/person\/3693838ba30391ab5d72ee097e55be7e\"},\"headline\":\"\u00bfC\u00f3mo puedo utilizar un ventilador para bajar el calor del techo?\",\"datePublished\":\"2024-04-18T15:58:41+00:00\",\"dateModified\":\"2025-07-27T16:05:38+00:00\",\"mainEntityOfPage\":{\"@id\":\"https:\/\/www.exhale-fans.com\/es\/como-puedo-utilizar-un-ventilador-para-bajar-el-calor-del-techo\/\"},\"wordCount\":3521,\"publisher\":{\"@id\":\"https:\/\/www.exhale-fans.com\/es\/#organization\"},\"image\":{\"@id\":\"https:\/\/www.exhale-fans.com\/es\/como-puedo-utilizar-un-ventilador-para-bajar-el-calor-del-techo\/#primaryimage\"},\"thumbnailUrl\":\"https:\/\/www.exhale-fans.com\/wp-content\/uploads\/2024\/04\/comment-faire-redescendre-la-chaleur-qui-stagne-au-plafond-01.jpg\",\"articleSection\":[\"Blog ES\"],\"inLanguage\":\"es\"},{\"@type\":\"WebPage\",\"@id\":\"https:\/\/www.exhale-fans.com\/es\/como-puedo-utilizar-un-ventilador-para-bajar-el-calor-del-techo\/\",\"url\":\"https:\/\/www.exhale-fans.com\/es\/como-puedo-utilizar-un-ventilador-para-bajar-el-calor-del-techo\/\",\"name\":\"Ventilador de techo para bajar el calor\",\"isPartOf\":{\"@id\":\"https:\/\/www.exhale-fans.com\/es\/#website\"},\"primaryImageOfPage\":{\"@id\":\"https:\/\/www.exhale-fans.com\/es\/como-puedo-utilizar-un-ventilador-para-bajar-el-calor-del-techo\/#primaryimage\"},\"image\":{\"@id\":\"https:\/\/www.exhale-fans.com\/es\/como-puedo-utilizar-un-ventilador-para-bajar-el-calor-del-techo\/#primaryimage\"},\"thumbnailUrl\":\"https:\/\/www.exhale-fans.com\/wp-content\/uploads\/2024\/04\/comment-faire-redescendre-la-chaleur-qui-stagne-au-plafond-01.jpg\",\"datePublished\":\"2024-04-18T15:58:41+00:00\",\"dateModified\":\"2025-07-27T16:05:38+00:00\",\"description\":\"Ventilateur de plafond pour r\u00e9duire la chaleur\",\"breadcrumb\":{\"@id\":\"https:\/\/www.exhale-fans.com\/es\/como-puedo-utilizar-un-ventilador-para-bajar-el-calor-del-techo\/#breadcrumb\"},\"inLanguage\":\"es\",\"potentialAction\":[{\"@type\":\"ReadAction\",\"target\":[\"https:\/\/www.exhale-fans.com\/es\/como-puedo-utilizar-un-ventilador-para-bajar-el-calor-del-techo\/\"]}]},{\"@type\":\"ImageObject\",\"inLanguage\":\"es\",\"@id\":\"https:\/\/www.exhale-fans.com\/es\/como-puedo-utilizar-un-ventilador-para-bajar-el-calor-del-techo\/#primaryimage\",\"url\":\"https:\/\/www.exhale-fans.com\/wp-content\/uploads\/2024\/04\/comment-faire-redescendre-la-chaleur-qui-stagne-au-plafond-01.jpg\",\"contentUrl\":\"https:\/\/www.exhale-fans.com\/wp-content\/uploads\/2024\/04\/comment-faire-redescendre-la-chaleur-qui-stagne-au-plafond-01.jpg\",\"width\":1100,\"height\":619,\"caption\":\"Comment faire redescendre la chaleur qui stagne au plafond avec un ventilateur ?\"},{\"@type\":\"BreadcrumbList\",\"@id\":\"https:\/\/www.exhale-fans.com\/es\/como-puedo-utilizar-un-ventilador-para-bajar-el-calor-del-techo\/#breadcrumb\",\"itemListElement\":[{\"@type\":\"ListItem\",\"position\":1,\"name\":\"Ventilador de techo\",\"item\":\"https:\/\/www.exhale-fans.com\/es\/\"},{\"@type\":\"ListItem\",\"position\":2,\"name\":\"\u00bfC\u00f3mo puedo utilizar un ventilador para bajar el calor del techo?\"}]},{\"@type\":\"WebSite\",\"@id\":\"https:\/\/www.exhale-fans.com\/es\/#website\",\"url\":\"https:\/\/www.exhale-fans.com\/es\/\",\"name\":\"Exhale Fans\",\"description\":\"Exhale Fans\",\"publisher\":{\"@id\":\"https:\/\/www.exhale-fans.com\/es\/#organization\"},\"potentialAction\":[{\"@type\":\"SearchAction\",\"target\":{\"@type\":\"EntryPoint\",\"urlTemplate\":\"https:\/\/www.exhale-fans.com\/es\/?s={search_term_string}\"},\"query-input\":{\"@type\":\"PropertyValueSpecification\",\"valueRequired\":true,\"valueName\":\"search_term_string\"}}],\"inLanguage\":\"es\"},{\"@type\":\"Organization\",\"@id\":\"https:\/\/www.exhale-fans.com\/es\/#organization\",\"name\":\"Exhale Fans\",\"url\":\"https:\/\/www.exhale-fans.com\/es\/\",\"logo\":{\"@type\":\"ImageObject\",\"inLanguage\":\"es\",\"@id\":\"https:\/\/www.exhale-fans.com\/es\/#\/schema\/logo\/image\/\",\"url\":\"https:\/\/www.exhale-fans.com\/wp-content\/uploads\/2018\/09\/exhale-logo.png\",\"contentUrl\":\"https:\/\/www.exhale-fans.com\/wp-content\/uploads\/2018\/09\/exhale-logo.png\",\"width\":140,\"height\":43,\"caption\":\"Exhale Fans\"},\"image\":{\"@id\":\"https:\/\/www.exhale-fans.com\/es\/#\/schema\/logo\/image\/\"},\"sameAs\":[\"https:\/\/www.facebook.com\/exhale.europe\",\"https:\/\/www.instagram.com\/exhalefanseu\/\"]},{\"@type\":\"Person\",\"@id\":\"https:\/\/www.exhale-fans.com\/es\/#\/schema\/person\/3693838ba30391ab5d72ee097e55be7e\",\"name\":\"Exhale Fans Europe\",\"image\":{\"@type\":\"ImageObject\",\"inLanguage\":\"es\",\"@id\":\"https:\/\/www.exhale-fans.com\/es\/#\/schema\/person\/image\/\",\"url\":\"https:\/\/secure.gravatar.com\/avatar\/0cc57458f76be9103b5365114139e2adbf54aafca10f9e65ff2db8ec5e0108b2?s=96&d=mm&r=g\",\"contentUrl\":\"https:\/\/secure.gravatar.com\/avatar\/0cc57458f76be9103b5365114139e2adbf54aafca10f9e65ff2db8ec5e0108b2?s=96&d=mm&r=g\",\"caption\":\"Exhale Fans Europe\"}}]}<\/script>\n<!-- \/ Yoast SEO plugin. -->","yoast_head_json":{"title":"Ventilador de techo para bajar el calor","description":"Ventilateur de plafond pour r\u00e9duire la chaleur","robots":{"index":"index","follow":"follow","max-snippet":"max-snippet:-1","max-image-preview":"max-image-preview:large","max-video-preview":"max-video-preview:-1"},"canonical":"https:\/\/www.exhale-fans.com\/es\/como-puedo-utilizar-un-ventilador-para-bajar-el-calor-del-techo\/","og_locale":"es_ES","og_type":"article","og_title":"Ventilador de techo para bajar el calor","og_description":"Ventilateur de plafond pour r\u00e9duire la chaleur","og_url":"https:\/\/www.exhale-fans.com\/es\/como-puedo-utilizar-un-ventilador-para-bajar-el-calor-del-techo\/","og_site_name":"Exhale Fans","article_publisher":"https:\/\/www.facebook.com\/exhale.europe","article_published_time":"2024-04-18T15:58:41+00:00","article_modified_time":"2025-07-27T16:05:38+00:00","og_image":[{"width":1100,"height":619,"url":"https:\/\/www.exhale-fans.com\/wp-content\/uploads\/2024\/04\/comment-faire-redescendre-la-chaleur-qui-stagne-au-plafond-01.jpg","type":"image\/jpeg"}],"author":"Exhale Fans Europe","twitter_card":"summary_large_image","twitter_misc":{"Escrito por":"Exhale Fans Europe","Tiempo de lectura":"18 minutos"},"schema":{"@context":"https:\/\/schema.org","@graph":[{"@type":"Article","@id":"https:\/\/www.exhale-fans.com\/es\/como-puedo-utilizar-un-ventilador-para-bajar-el-calor-del-techo\/#article","isPartOf":{"@id":"https:\/\/www.exhale-fans.com\/es\/como-puedo-utilizar-un-ventilador-para-bajar-el-calor-del-techo\/"},"author":{"name":"Exhale Fans Europe","@id":"https:\/\/www.exhale-fans.com\/es\/#\/schema\/person\/3693838ba30391ab5d72ee097e55be7e"},"headline":"\u00bfC\u00f3mo puedo utilizar un ventilador para bajar el calor del techo?","datePublished":"2024-04-18T15:58:41+00:00","dateModified":"2025-07-27T16:05:38+00:00","mainEntityOfPage":{"@id":"https:\/\/www.exhale-fans.com\/es\/como-puedo-utilizar-un-ventilador-para-bajar-el-calor-del-techo\/"},"wordCount":3521,"publisher":{"@id":"https:\/\/www.exhale-fans.com\/es\/#organization"},"image":{"@id":"https:\/\/www.exhale-fans.com\/es\/como-puedo-utilizar-un-ventilador-para-bajar-el-calor-del-techo\/#primaryimage"},"thumbnailUrl":"https:\/\/www.exhale-fans.com\/wp-content\/uploads\/2024\/04\/comment-faire-redescendre-la-chaleur-qui-stagne-au-plafond-01.jpg","articleSection":["Blog ES"],"inLanguage":"es"},{"@type":"WebPage","@id":"https:\/\/www.exhale-fans.com\/es\/como-puedo-utilizar-un-ventilador-para-bajar-el-calor-del-techo\/","url":"https:\/\/www.exhale-fans.com\/es\/como-puedo-utilizar-un-ventilador-para-bajar-el-calor-del-techo\/","name":"Ventilador de techo para bajar el calor","isPartOf":{"@id":"https:\/\/www.exhale-fans.com\/es\/#website"},"primaryImageOfPage":{"@id":"https:\/\/www.exhale-fans.com\/es\/como-puedo-utilizar-un-ventilador-para-bajar-el-calor-del-techo\/#primaryimage"},"image":{"@id":"https:\/\/www.exhale-fans.com\/es\/como-puedo-utilizar-un-ventilador-para-bajar-el-calor-del-techo\/#primaryimage"},"thumbnailUrl":"https:\/\/www.exhale-fans.com\/wp-content\/uploads\/2024\/04\/comment-faire-redescendre-la-chaleur-qui-stagne-au-plafond-01.jpg","datePublished":"2024-04-18T15:58:41+00:00","dateModified":"2025-07-27T16:05:38+00:00","description":"Ventilateur de plafond pour r\u00e9duire la chaleur","breadcrumb":{"@id":"https:\/\/www.exhale-fans.com\/es\/como-puedo-utilizar-un-ventilador-para-bajar-el-calor-del-techo\/#breadcrumb"},"inLanguage":"es","potentialAction":[{"@type":"ReadAction","target":["https:\/\/www.exhale-fans.com\/es\/como-puedo-utilizar-un-ventilador-para-bajar-el-calor-del-techo\/"]}]},{"@type":"ImageObject","inLanguage":"es","@id":"https:\/\/www.exhale-fans.com\/es\/como-puedo-utilizar-un-ventilador-para-bajar-el-calor-del-techo\/#primaryimage","url":"https:\/\/www.exhale-fans.com\/wp-content\/uploads\/2024\/04\/comment-faire-redescendre-la-chaleur-qui-stagne-au-plafond-01.jpg","contentUrl":"https:\/\/www.exhale-fans.com\/wp-content\/uploads\/2024\/04\/comment-faire-redescendre-la-chaleur-qui-stagne-au-plafond-01.jpg","width":1100,"height":619,"caption":"Comment faire redescendre la chaleur qui stagne au plafond avec un ventilateur ?"},{"@type":"BreadcrumbList","@id":"https:\/\/www.exhale-fans.com\/es\/como-puedo-utilizar-un-ventilador-para-bajar-el-calor-del-techo\/#breadcrumb","itemListElement":[{"@type":"ListItem","position":1,"name":"Ventilador de techo","item":"https:\/\/www.exhale-fans.com\/es\/"},{"@type":"ListItem","position":2,"name":"\u00bfC\u00f3mo puedo utilizar un ventilador para bajar el calor del techo?"}]},{"@type":"WebSite","@id":"https:\/\/www.exhale-fans.com\/es\/#website","url":"https:\/\/www.exhale-fans.com\/es\/","name":"Exhale Fans","description":"Exhale Fans","publisher":{"@id":"https:\/\/www.exhale-fans.com\/es\/#organization"},"potentialAction":[{"@type":"SearchAction","target":{"@type":"EntryPoint","urlTemplate":"https:\/\/www.exhale-fans.com\/es\/?s={search_term_string}"},"query-input":{"@type":"PropertyValueSpecification","valueRequired":true,"valueName":"search_term_string"}}],"inLanguage":"es"},{"@type":"Organization","@id":"https:\/\/www.exhale-fans.com\/es\/#organization","name":"Exhale Fans","url":"https:\/\/www.exhale-fans.com\/es\/","logo":{"@type":"ImageObject","inLanguage":"es","@id":"https:\/\/www.exhale-fans.com\/es\/#\/schema\/logo\/image\/","url":"https:\/\/www.exhale-fans.com\/wp-content\/uploads\/2018\/09\/exhale-logo.png","contentUrl":"https:\/\/www.exhale-fans.com\/wp-content\/uploads\/2018\/09\/exhale-logo.png","width":140,"height":43,"caption":"Exhale Fans"},"image":{"@id":"https:\/\/www.exhale-fans.com\/es\/#\/schema\/logo\/image\/"},"sameAs":["https:\/\/www.facebook.com\/exhale.europe","https:\/\/www.instagram.com\/exhalefanseu\/"]},{"@type":"Person","@id":"https:\/\/www.exhale-fans.com\/es\/#\/schema\/person\/3693838ba30391ab5d72ee097e55be7e","name":"Exhale Fans Europe","image":{"@type":"ImageObject","inLanguage":"es","@id":"https:\/\/www.exhale-fans.com\/es\/#\/schema\/person\/image\/","url":"https:\/\/secure.gravatar.com\/avatar\/0cc57458f76be9103b5365114139e2adbf54aafca10f9e65ff2db8ec5e0108b2?s=96&d=mm&r=g","contentUrl":"https:\/\/secure.gravatar.com\/avatar\/0cc57458f76be9103b5365114139e2adbf54aafca10f9e65ff2db8ec5e0108b2?s=96&d=mm&r=g","caption":"Exhale Fans Europe"}}]}},"_links":{"self":[{"href":"https:\/\/www.exhale-fans.com\/es\/wp-json\/wp\/v2\/posts\/34651","targetHints":{"allow":["GET"]}}],"collection":[{"href":"https:\/\/www.exhale-fans.com\/es\/wp-json\/wp\/v2\/posts"}],"about":[{"href":"https:\/\/www.exhale-fans.com\/es\/wp-json\/wp\/v2\/types\/post"}],"author":[{"embeddable":true,"href":"https:\/\/www.exhale-fans.com\/es\/wp-json\/wp\/v2\/users\/2"}],"replies":[{"embeddable":true,"href":"https:\/\/www.exhale-fans.com\/es\/wp-json\/wp\/v2\/comments?post=34651"}],"version-history":[{"count":6,"href":"https:\/\/www.exhale-fans.com\/es\/wp-json\/wp\/v2\/posts\/34651\/revisions"}],"predecessor-version":[{"id":50789,"href":"https:\/\/www.exhale-fans.com\/es\/wp-json\/wp\/v2\/posts\/34651\/revisions\/50789"}],"wp:featuredmedia":[{"embeddable":true,"href":"https:\/\/www.exhale-fans.com\/es\/wp-json\/wp\/v2\/media\/34473"}],"wp:attachment":[{"href":"https:\/\/www.exhale-fans.com\/es\/wp-json\/wp\/v2\/media?parent=34651"}],"wp:term":[{"taxonomy":"category","embeddable":true,"href":"https:\/\/www.exhale-fans.com\/es\/wp-json\/wp\/v2\/categories?post=34651"},{"taxonomy":"post_tag","embeddable":true,"href":"https:\/\/www.exhale-fans.com\/es\/wp-json\/wp\/v2\/tags?post=34651"}],"curies":[{"name":"wp","href":"https:\/\/api.w.org\/{rel}","templated":true}]}}