{"id":36799,"date":"2024-08-16T16:18:20","date_gmt":"2024-08-16T14:18:20","guid":{"rendered":"https:\/\/www.exhale-fans.com\/mobil-luftkonditionering-eller-luftkylare-nous-deux\/"},"modified":"2024-08-16T16:18:23","modified_gmt":"2024-08-16T14:18:23","slug":"mobil-luftkonditionering-eller-luftkylare-nous-deux","status":"publish","type":"post","link":"https:\/\/www.exhale-fans.com\/sv\/mobil-luftkonditionering-eller-luftkylare-nous-deux\/","title":{"rendered":"Mobil luftkonditionering eller luftkylare? &#8211; Nous deux"},"content":{"rendered":"<div class=\"pdfprnt-buttons pdfprnt-buttons-post pdfprnt-top-right\"><a href=\"javascript: imageToPdf()\" class=\"pdfprnt-button pdfprnt-button-pdf\" target=\"_self\"><img decoding=\"async\" src=\"https:\/\/www.exhale-fans.com\/wp-content\/plugins\/pdf-print\/images\/pdf.png\" alt=\"image_pdf\" title=\"View PDF\" \/><span class=\"pdfprnt-button-title pdfprnt-button-pdf-title\">Download PDF<\/span><\/a><\/div><p>[et_pb_section fb_built=&#8221;1&#8243; _builder_version=&#8221;4.16&#8243; inner_width_tablet=&#8221;50px&#8221; inner_max_width_tablet=&#8221;50px&#8221; custom_padding=&#8221;7px||11px|&#8221; z_index_tablet=&#8221;500&#8243; locked=&#8221;off&#8221; global_colors_info=&#8221;{}&#8221;][et_pb_row _builder_version=&#8221;4.16&#8243; custom_padding=&#8221;7px||14px|&#8221; z_index_tablet=&#8221;500&#8243; global_colors_info=&#8221;{}&#8221;][et_pb_column type=&#8221;4_4&#8243; _builder_version=&#8221;4.16&#8243; custom_padding=&#8221;|||&#8221; global_colors_info=&#8221;{}&#8221; custom_padding__hover=&#8221;|||&#8221;][et_pb_text ul_item_indent=&#8221;40px&#8221; disabled_on=&#8221;off|off|off&#8221; admin_label=&#8221;Texte &#8211; &#8221; _builder_version=&#8221;4.26.1&#8243; text_font=&#8221;Montserrat||||||||&#8221; ul_font=&#8221;||||||||&#8221; header_font=&#8221;||||||||&#8221; header_2_font=&#8221;Montserrat|700||on|||||&#8221; header_2_text_color=&#8221;#235ba8&#8243; header_2_font_size=&#8221;24px&#8221; header_2_line_height=&#8221;1.2em&#8221; header_3_font=&#8221;Montserrat|500|||||||&#8221; header_3_text_color=&#8221;#333&#8243; header_3_font_size=&#8221;18px&#8221; header_3_line_height=&#8221;1.1em&#8221; header_4_font=&#8221;Montserrat||||||||&#8221; header_4_font_size=&#8221;16px&#8221; header_4_line_height=&#8221;1.5em&#8221; background_color=&#8221;rgba(15,172,238,0.18)&#8221; text_orientation=&#8221;justified&#8221; custom_margin=&#8221;||40px||false|false&#8221; custom_padding=&#8221;18px|20px|18px|20px|true|true&#8221; z_index_tablet=&#8221;500&#8243; box_shadow_style=&#8221;preset2&#8243; global_colors_info=&#8221;{}&#8221;]<em>Artikel publicerad i den franska tidskriften Nous Deux &#8211; nr 4024, 12-18 augusti 2024 (s. 77)<\/em><\/p>\n<h4>En fl\u00e4kt som bl\u00e5ser varmluft \u00e4r inte det mest effektiva s\u00e4ttet att s\u00e4nka temperaturen. Det \u00e4r dags att \u00f6verv\u00e4ga att \u00e4ndra ditt system f\u00f6r att h\u00e5lla sommaren sval.<\/h4>\n<p><em>Artikel skriven av Sandrine Tournigand<\/em>[\/et_pb_text][et_pb_text ul_item_indent=&#8221;40px&#8221; admin_label=&#8221;Texte &#8211; &#8221; _builder_version=&#8221;4.26.1&#8243; text_font=&#8221;Montserrat||||||||&#8221; header_2_font=&#8221;Montserrat|600|||||||&#8221; header_2_text_align=&#8221;left&#8221; header_2_text_color=&#8221;gcid-a6406cbd-eb3c-43ef-84ba-7c0ab1cd037e&#8221; header_2_font_size=&#8221;22px&#8221; header_2_line_height=&#8221;1.2em&#8221; header_3_font=&#8221;Montserrat|500|||||||&#8221; header_3_text_color=&#8221;#0facee&#8221; header_3_font_size=&#8221;18px&#8221; header_3_line_height=&#8221;1.1em&#8221; header_4_line_height=&#8221;1.3em&#8221; text_orientation=&#8221;justified&#8221; custom_margin=&#8221;||||false|false&#8221; custom_padding=&#8221;||10px||false|false&#8221; z_index_tablet=&#8221;500&#8243; global_colors_info=&#8221;{%22gcid-a6406cbd-eb3c-43ef-84ba-7c0ab1cd037e%22:%91%22header_2_text_color%22%93}&#8221;]<\/p>\n<h2>Luftkylaren<\/h2>\n<p>Det h\u00e4r \u00e4r en fl\u00e4kt som anv\u00e4nder ett isblock eller isbitar f\u00f6r att bl\u00e5sa ut luft som \u00e4r kallare \u00e4n den omgivande luften. Till skillnad fr\u00e5n en luftkonditionering kr\u00e4ver den inte att ett utbl\u00e5sningsr\u00f6r monteras i en \u00f6ppning, vilket g\u00f6r att den kan flyttas fritt fr\u00e5n ett rum till ett annat. En annan stor f\u00f6rdel \u00e4r att den inte avger n\u00e5gra skadliga gaser. Dessutom f\u00f6rbrukar den teknik som anv\u00e4nds mycket lite energi, vilket g\u00f6r den ekonomisk.<\/p>\n<p>[\/et_pb_text][et_pb_text ul_item_indent=&#8221;40px&#8221; admin_label=&#8221;Texte &#8211; &#8221; _builder_version=&#8221;4.26.1&#8243; text_font=&#8221;Montserrat||||||||&#8221; header_2_font=&#8221;Montserrat|600|||||||&#8221; header_2_text_align=&#8221;left&#8221; header_2_text_color=&#8221;gcid-a6406cbd-eb3c-43ef-84ba-7c0ab1cd037e&#8221; header_2_font_size=&#8221;22px&#8221; header_2_line_height=&#8221;1.2em&#8221; header_3_font=&#8221;Montserrat|500|||||||&#8221; header_3_text_color=&#8221;#0facee&#8221; header_3_font_size=&#8221;18px&#8221; header_3_line_height=&#8221;1.1em&#8221; header_4_line_height=&#8221;1.3em&#8221; text_orientation=&#8221;justified&#8221; custom_margin=&#8221;||||false|false&#8221; custom_padding=&#8221;||10px||false|false&#8221; z_index_tablet=&#8221;500&#8243; global_colors_info=&#8221;{%22gcid-a6406cbd-eb3c-43ef-84ba-7c0ab1cd037e%22:%91%22header_2_text_color%22,%22header_2_text_color%22%93}&#8221;]<\/p>\n<h2>Den mobila luftkonditioneringen<\/h2>\n<p>En mobil enhet \u00e4r en bra kompromiss f\u00f6r att kyla ett rum till l\u00e5g kostnad och vid enstaka tillf\u00e4llen under en v\u00e4rmeb\u00f6lja. Den \u00e4r utrustad med hjul och handtag och kan enkelt flyttas fr\u00e5n vardagsrummet till sovrummet och st\u00e4llas undan f\u00f6r resten av \u00e5ret. Den \u00e4r tillverkad av en enda enhet och kr\u00e4ver ingen installation, f\u00f6rutom en flexibel kanal som kan placeras i en d\u00f6rr\u00f6ppning eller ett f\u00f6nster f\u00f6r att sl\u00e4ppa ut varm luft och fukt.<\/p>\n<p>[\/et_pb_text][\/et_pb_column][\/et_pb_row][et_pb_row column_structure=&#8221;1_2,1_2&#8243; _builder_version=&#8221;4.16&#8243; custom_padding=&#8221;7px||14px|&#8221; z_index_tablet=&#8221;500&#8243; global_colors_info=&#8221;{}&#8221;][et_pb_column type=&#8221;1_2&#8243; _builder_version=&#8221;4.16&#8243; custom_padding=&#8221;|||&#8221; global_colors_info=&#8221;{}&#8221; custom_padding__hover=&#8221;|||&#8221;][et_pb_text ul_item_indent=&#8221;40px&#8221; admin_label=&#8221;Texte &#8211; &#8221; _builder_version=&#8221;4.26.1&#8243; text_font=&#8221;Montserrat||||||||&#8221; header_2_font=&#8221;Montserrat|600|||||||&#8221; header_2_text_align=&#8221;left&#8221; header_2_text_color=&#8221;gcid-a6406cbd-eb3c-43ef-84ba-7c0ab1cd037e&#8221; header_2_font_size=&#8221;22px&#8221; header_2_line_height=&#8221;1.2em&#8221; header_3_font=&#8221;Montserrat|500|||||||&#8221; header_3_text_color=&#8221;#0facee&#8221; header_3_font_size=&#8221;18px&#8221; header_3_line_height=&#8221;1.1em&#8221; header_4_line_height=&#8221;1.3em&#8221; text_orientation=&#8221;justified&#8221; custom_margin=&#8221;||||false|false&#8221; custom_padding=&#8221;||10px||false|false&#8221; z_index_tablet=&#8221;500&#8243; global_colors_info=&#8221;{%22gcid-a6406cbd-eb3c-43ef-84ba-7c0ab1cd037e%22:%91%22header_2_text_color%22,%22header_2_text_color%22%93}&#8221;]<\/p>\n<h2>Den bladl\u00f6sa takfl\u00e4kten<\/h2>\n<p>Denna fl\u00e4kt s\u00e4nker den upplevda temperaturen med ca 4\u00b0C och ventilerar rummets alla fyra h\u00f6rn, inte bara undersidan. Den saknar blad, \u00e4r mycket tystg\u00e5ende och f\u00f6rbrukar h\u00e4lften s\u00e5 mycket el som en traditionell takfl\u00e4kt. <strong><em>Exhale Gen 4.5, 690 \u20ac, Exhale<\/em><\/strong>.<\/p>\n<p>[\/et_pb_text][\/et_pb_column][et_pb_column type=&#8221;1_2&#8243; _builder_version=&#8221;4.16&#8243; custom_padding=&#8221;|||&#8221; global_colors_info=&#8221;{}&#8221; custom_padding__hover=&#8221;|||&#8221;][et_pb_image src=&#8221;https:\/\/www.exhale-fans.com\/wp-content\/uploads\/2024\/08\/climatisation-nomade-ou-rafraichisseur-d-air-nous-deux-02.jpg&#8221; title_text=&#8221;climatisation-nomade-ou-rafraichisseur-d-air-nous-deux-02&#8243; _builder_version=&#8221;4.26.1&#8243; _module_preset=&#8221;default&#8221; global_colors_info=&#8221;{}&#8221;][\/et_pb_image][\/et_pb_column][\/et_pb_row][et_pb_row _builder_version=&#8221;4.16&#8243; custom_padding=&#8221;7px||14px|&#8221; z_index_tablet=&#8221;500&#8243; global_colors_info=&#8221;{}&#8221;][et_pb_column type=&#8221;4_4&#8243; _builder_version=&#8221;4.16&#8243; custom_padding=&#8221;|||&#8221; global_colors_info=&#8221;{}&#8221; custom_padding__hover=&#8221;|||&#8221;][et_pb_text ul_item_indent=&#8221;40px&#8221; admin_label=&#8221;Texte &#8211; &#8221; _builder_version=&#8221;4.26.1&#8243; text_font=&#8221;Montserrat||||||||&#8221; header_2_font=&#8221;Montserrat|600|||||||&#8221; header_2_text_align=&#8221;left&#8221; header_2_text_color=&#8221;gcid-a6406cbd-eb3c-43ef-84ba-7c0ab1cd037e&#8221; header_2_font_size=&#8221;22px&#8221; header_2_line_height=&#8221;1.2em&#8221; header_3_font=&#8221;Montserrat|500|||||||&#8221; header_3_text_color=&#8221;#0facee&#8221; header_3_font_size=&#8221;18px&#8221; header_3_line_height=&#8221;1.1em&#8221; header_4_line_height=&#8221;1.3em&#8221; text_orientation=&#8221;justified&#8221; custom_margin=&#8221;||||false|false&#8221; custom_padding=&#8221;||10px||false|false&#8221; z_index_tablet=&#8221;500&#8243; global_colors_info=&#8221;{%22gcid-a6406cbd-eb3c-43ef-84ba-7c0ab1cd037e%22:%91%22header_2_text_color%22,%22header_2_text_color%22%93}&#8221;]<\/p>\n<h2>Det var smart!<\/h2>\n<h3>Noggrannt underh\u00e5ll<\/h3>\n<p>Eftersom luftfr\u00e4scharen anv\u00e4nder vatten \u00e4r det viktigt med regelbundet underh\u00e5ll. Vattentanken och filtret b\u00f6r reng\u00f6ras ofta, och luftfuktarens kudde b\u00f6r bytas ut varje \u00e5r f\u00f6r att f\u00f6rhindra att bakterier och kalk ansamlas.<\/p>\n<h3>Hur mycket kraft?<\/h3>\n<p>Ytan p\u00e5 det rum som ska kylas ger besked om hur mycket effekt som beh\u00f6vs. Detta uttrycks i watt (W) och British Thermal Units (BTU). Du beh\u00f6ver r\u00e4kna med mellan 100 och 130 W per kvadratmeter (f\u00f6r en takh\u00f6jd p\u00e5 2,50 m). I motsvarande termer \u00e4r 1 W = 3,4 BTU &#8211; termen BTU anv\u00e4nds oftare av tillverkare, medan watt \u00e4r mer bekant f\u00f6r konsumenter.<\/p>\n<h3>Komfort vid ankomsten<\/h3>\n<p>Mobila luftkonditioneringsanl\u00e4ggningar kan i allm\u00e4nhet programmeras och styras p\u00e5 distans med hj\u00e4lp av en fj\u00e4rrkontroll eller en smartphone. Den senaste anslutna luftkonditioneringen Pinquino fr\u00e5n De Longhi har till och med ett geolokaliseringssystem. S\u00e5 snart du \u00e4r n\u00e4ra hemmet kan den sl\u00e5s p\u00e5 automatiskt.<\/p>\n<h3>Nattl\u00e4ge<\/h3>\n<p>Var uppm\u00e4rksam p\u00e5 decibel: ju h\u00f6gre de \u00e4r, desto bullrigare \u00e4r modellen. F\u00f6r att undvika att du inte l\u00e4ngre h\u00f6r n\u00e5got runt omkring dig, v\u00e4lj en modell med h\u00f6gst 64 decibel. De senaste modellerna har i allm\u00e4nhet ett nattl\u00e4ge f\u00f6r att minska ljudniv\u00e5n.<\/p>\n<h3>T\u00e4tskikt<\/h3>\n<p>Att installera ett t\u00e4tningskit \u00e4r viktigt f\u00f6r att f\u00f6rhindra att varm luft kommer in i huset och d\u00e4rmed optimera effektiviteten hos en mobil luftkonditionering. Detta tillbeh\u00f6r skapar en barri\u00e4r runt det \u00f6ppna f\u00f6nstret och st\u00e4nger \u00f6ver luftkonditioneringens utbl\u00e5sningsr\u00f6r.<\/p>\n<p>[\/et_pb_text][\/et_pb_column][\/et_pb_row][et_pb_row _builder_version=&#8221;4.16&#8243; custom_padding=&#8221;7px||14px|&#8221; z_index_tablet=&#8221;500&#8243; global_colors_info=&#8221;{}&#8221;][et_pb_column type=&#8221;4_4&#8243; _builder_version=&#8221;4.16&#8243; custom_padding=&#8221;|||&#8221; global_colors_info=&#8221;{}&#8221; custom_padding__hover=&#8221;|||&#8221;][et_pb_image src=&#8221;https:\/\/www.exhale-fans.com\/wp-content\/uploads\/2024\/08\/climatisation-nomade-ou-rafraichisseur-d-air-nous-deux-04.jpg&#8221; alt=&#8221;Artikel publicerad i tidningen Nous Deux om Exhale-ventilatorn.&#8221; title_text=&#8221;climatisation-nomade-ou-rafraichisseur-d-air-nous-deux-04&#8243; _builder_version=&#8221;4.26.1&#8243; _module_preset=&#8221;default&#8221; global_colors_info=&#8221;{}&#8221;][\/et_pb_image][\/et_pb_column][\/et_pb_row][\/et_pb_section]<\/p>\n","protected":false},"excerpt":{"rendered":"<p>En fl\u00e4kt som bl\u00e5ser varmluft \u00e4r inte det mest effektiva s\u00e4ttet att f\u00e5 ner temperaturen. Det \u00e4r dags att fundera p\u00e5 att byta system f\u00f6r en svalare sommar. Exhale s\u00e4nker den upplevda temperaturen med ca 4\u00b0C och ventilerar rummets alla fyra h\u00f6rn, inte bara underifr\u00e5n&#8230;<\/p>\n","protected":false},"author":2,"featured_media":36728,"comment_status":"closed","ping_status":"open","sticky":false,"template":"","format":"standard","meta":{"_et_pb_use_builder":"on","_et_pb_old_content":"","_et_gb_content_width":"","footnotes":""},"categories":[123],"tags":[],"class_list":["post-36799","post","type-post","status-publish","format-standard","has-post-thumbnail","hentry","category-presse-sv"],"yoast_head":"<!-- This site is optimized with the Yoast SEO plugin v26.6 - https:\/\/yoast.com\/wordpress\/plugins\/seo\/ -->\n<title>Mobil luftkonditionering eller luftkylare? - Nous deux - Exhale Fans<\/title>\n<meta name=\"robots\" content=\"index, follow, max-snippet:-1, max-image-preview:large, max-video-preview:-1\" \/>\n<link rel=\"canonical\" href=\"https:\/\/www.exhale-fans.com\/sv\/mobil-luftkonditionering-eller-luftkylare-nous-deux\/\" \/>\n<meta property=\"og:locale\" content=\"sv_SE\" \/>\n<meta property=\"og:type\" content=\"article\" \/>\n<meta property=\"og:title\" content=\"Mobil luftkonditionering eller luftkylare? - Nous deux - Exhale Fans\" \/>\n<meta property=\"og:description\" content=\"En fl\u00e4kt som bl\u00e5ser varmluft \u00e4r inte det mest effektiva s\u00e4ttet att f\u00e5 ner temperaturen. Det \u00e4r dags att fundera p\u00e5 att byta system f\u00f6r en svalare sommar. Exhale s\u00e4nker den upplevda temperaturen med ca 4\u00b0C och ventilerar rummets alla fyra h\u00f6rn, inte bara underifr\u00e5n...\" \/>\n<meta property=\"og:url\" content=\"https:\/\/www.exhale-fans.com\/sv\/mobil-luftkonditionering-eller-luftkylare-nous-deux\/\" \/>\n<meta property=\"og:site_name\" content=\"Exhale Fans\" \/>\n<meta property=\"article:publisher\" content=\"https:\/\/www.facebook.com\/exhale.europe\" \/>\n<meta property=\"article:published_time\" content=\"2024-08-16T14:18:20+00:00\" \/>\n<meta property=\"article:modified_time\" content=\"2024-08-16T14:18:23+00:00\" \/>\n<meta property=\"og:image\" content=\"https:\/\/www.exhale-fans.com\/wp-content\/uploads\/2024\/08\/climatisation-nomade-ou-rafraichisseur-d-air-nous-deux-01.jpg\" \/>\n\t<meta property=\"og:image:width\" content=\"960\" \/>\n\t<meta property=\"og:image:height\" content=\"610\" \/>\n\t<meta property=\"og:image:type\" content=\"image\/jpeg\" \/>\n<meta name=\"author\" content=\"Exhale Fans Europe\" \/>\n<meta name=\"twitter:card\" content=\"summary_large_image\" \/>\n<meta name=\"twitter:label1\" content=\"Skriven av\" \/>\n\t<meta name=\"twitter:data1\" content=\"Exhale Fans Europe\" \/>\n\t<meta name=\"twitter:label2\" content=\"Ber\u00e4knad l\u00e4stid\" \/>\n\t<meta name=\"twitter:data2\" content=\"7 minuter\" \/>\n<script type=\"application\/ld+json\" class=\"yoast-schema-graph\">{\"@context\":\"https:\/\/schema.org\",\"@graph\":[{\"@type\":\"Article\",\"@id\":\"https:\/\/www.exhale-fans.com\/sv\/mobil-luftkonditionering-eller-luftkylare-nous-deux\/#article\",\"isPartOf\":{\"@id\":\"https:\/\/www.exhale-fans.com\/sv\/mobil-luftkonditionering-eller-luftkylare-nous-deux\/\"},\"author\":{\"name\":\"Exhale Fans Europe\",\"@id\":\"https:\/\/www.exhale-fans.com\/sv\/#\/schema\/person\/3693838ba30391ab5d72ee097e55be7e\"},\"headline\":\"Mobil luftkonditionering eller luftkylare? &#8211; Nous deux\",\"datePublished\":\"2024-08-16T14:18:20+00:00\",\"dateModified\":\"2024-08-16T14:18:23+00:00\",\"mainEntityOfPage\":{\"@id\":\"https:\/\/www.exhale-fans.com\/sv\/mobil-luftkonditionering-eller-luftkylare-nous-deux\/\"},\"wordCount\":1308,\"publisher\":{\"@id\":\"https:\/\/www.exhale-fans.com\/sv\/#organization\"},\"image\":{\"@id\":\"https:\/\/www.exhale-fans.com\/sv\/mobil-luftkonditionering-eller-luftkylare-nous-deux\/#primaryimage\"},\"thumbnailUrl\":\"https:\/\/www.exhale-fans.com\/wp-content\/uploads\/2024\/08\/climatisation-nomade-ou-rafraichisseur-d-air-nous-deux-01.jpg\",\"articleSection\":[\"Presse SV\"],\"inLanguage\":\"sv-SE\"},{\"@type\":\"WebPage\",\"@id\":\"https:\/\/www.exhale-fans.com\/sv\/mobil-luftkonditionering-eller-luftkylare-nous-deux\/\",\"url\":\"https:\/\/www.exhale-fans.com\/sv\/mobil-luftkonditionering-eller-luftkylare-nous-deux\/\",\"name\":\"Mobil luftkonditionering eller luftkylare? - Nous deux - Exhale Fans\",\"isPartOf\":{\"@id\":\"https:\/\/www.exhale-fans.com\/sv\/#website\"},\"primaryImageOfPage\":{\"@id\":\"https:\/\/www.exhale-fans.com\/sv\/mobil-luftkonditionering-eller-luftkylare-nous-deux\/#primaryimage\"},\"image\":{\"@id\":\"https:\/\/www.exhale-fans.com\/sv\/mobil-luftkonditionering-eller-luftkylare-nous-deux\/#primaryimage\"},\"thumbnailUrl\":\"https:\/\/www.exhale-fans.com\/wp-content\/uploads\/2024\/08\/climatisation-nomade-ou-rafraichisseur-d-air-nous-deux-01.jpg\",\"datePublished\":\"2024-08-16T14:18:20+00:00\",\"dateModified\":\"2024-08-16T14:18:23+00:00\",\"breadcrumb\":{\"@id\":\"https:\/\/www.exhale-fans.com\/sv\/mobil-luftkonditionering-eller-luftkylare-nous-deux\/#breadcrumb\"},\"inLanguage\":\"sv-SE\",\"potentialAction\":[{\"@type\":\"ReadAction\",\"target\":[\"https:\/\/www.exhale-fans.com\/sv\/mobil-luftkonditionering-eller-luftkylare-nous-deux\/\"]}]},{\"@type\":\"ImageObject\",\"inLanguage\":\"sv-SE\",\"@id\":\"https:\/\/www.exhale-fans.com\/sv\/mobil-luftkonditionering-eller-luftkylare-nous-deux\/#primaryimage\",\"url\":\"https:\/\/www.exhale-fans.com\/wp-content\/uploads\/2024\/08\/climatisation-nomade-ou-rafraichisseur-d-air-nous-deux-01.jpg\",\"contentUrl\":\"https:\/\/www.exhale-fans.com\/wp-content\/uploads\/2024\/08\/climatisation-nomade-ou-rafraichisseur-d-air-nous-deux-01.jpg\",\"width\":960,\"height\":610,\"caption\":\"Climatisation nomade ou rafraichisseur d'air ?\"},{\"@type\":\"BreadcrumbList\",\"@id\":\"https:\/\/www.exhale-fans.com\/sv\/mobil-luftkonditionering-eller-luftkylare-nous-deux\/#breadcrumb\",\"itemListElement\":[{\"@type\":\"ListItem\",\"position\":1,\"name\":\"Takfl\u00e4kt\",\"item\":\"https:\/\/www.exhale-fans.com\/sv\/\"},{\"@type\":\"ListItem\",\"position\":2,\"name\":\"Mobil luftkonditionering eller luftkylare? &#8211; Nous deux\"}]},{\"@type\":\"WebSite\",\"@id\":\"https:\/\/www.exhale-fans.com\/sv\/#website\",\"url\":\"https:\/\/www.exhale-fans.com\/sv\/\",\"name\":\"Exhale Fans\",\"description\":\"Exhale Fans\",\"publisher\":{\"@id\":\"https:\/\/www.exhale-fans.com\/sv\/#organization\"},\"potentialAction\":[{\"@type\":\"SearchAction\",\"target\":{\"@type\":\"EntryPoint\",\"urlTemplate\":\"https:\/\/www.exhale-fans.com\/sv\/?s={search_term_string}\"},\"query-input\":{\"@type\":\"PropertyValueSpecification\",\"valueRequired\":true,\"valueName\":\"search_term_string\"}}],\"inLanguage\":\"sv-SE\"},{\"@type\":\"Organization\",\"@id\":\"https:\/\/www.exhale-fans.com\/sv\/#organization\",\"name\":\"Exhale Fans\",\"url\":\"https:\/\/www.exhale-fans.com\/sv\/\",\"logo\":{\"@type\":\"ImageObject\",\"inLanguage\":\"sv-SE\",\"@id\":\"https:\/\/www.exhale-fans.com\/sv\/#\/schema\/logo\/image\/\",\"url\":\"https:\/\/www.exhale-fans.com\/wp-content\/uploads\/2018\/09\/exhale-logo.png\",\"contentUrl\":\"https:\/\/www.exhale-fans.com\/wp-content\/uploads\/2018\/09\/exhale-logo.png\",\"width\":140,\"height\":43,\"caption\":\"Exhale Fans\"},\"image\":{\"@id\":\"https:\/\/www.exhale-fans.com\/sv\/#\/schema\/logo\/image\/\"},\"sameAs\":[\"https:\/\/www.facebook.com\/exhale.europe\",\"https:\/\/www.instagram.com\/exhalefanseu\/\"]},{\"@type\":\"Person\",\"@id\":\"https:\/\/www.exhale-fans.com\/sv\/#\/schema\/person\/3693838ba30391ab5d72ee097e55be7e\",\"name\":\"Exhale Fans Europe\",\"image\":{\"@type\":\"ImageObject\",\"inLanguage\":\"sv-SE\",\"@id\":\"https:\/\/www.exhale-fans.com\/sv\/#\/schema\/person\/image\/\",\"url\":\"https:\/\/secure.gravatar.com\/avatar\/0cc57458f76be9103b5365114139e2adbf54aafca10f9e65ff2db8ec5e0108b2?s=96&d=mm&r=g\",\"contentUrl\":\"https:\/\/secure.gravatar.com\/avatar\/0cc57458f76be9103b5365114139e2adbf54aafca10f9e65ff2db8ec5e0108b2?s=96&d=mm&r=g\",\"caption\":\"Exhale Fans Europe\"}}]}<\/script>\n<!-- \/ Yoast SEO plugin. -->","yoast_head_json":{"title":"Mobil luftkonditionering eller luftkylare? - Nous deux - Exhale Fans","robots":{"index":"index","follow":"follow","max-snippet":"max-snippet:-1","max-image-preview":"max-image-preview:large","max-video-preview":"max-video-preview:-1"},"canonical":"https:\/\/www.exhale-fans.com\/sv\/mobil-luftkonditionering-eller-luftkylare-nous-deux\/","og_locale":"sv_SE","og_type":"article","og_title":"Mobil luftkonditionering eller luftkylare? - Nous deux - Exhale Fans","og_description":"En fl\u00e4kt som bl\u00e5ser varmluft \u00e4r inte det mest effektiva s\u00e4ttet att f\u00e5 ner temperaturen. Det \u00e4r dags att fundera p\u00e5 att byta system f\u00f6r en svalare sommar. Exhale s\u00e4nker den upplevda temperaturen med ca 4\u00b0C och ventilerar rummets alla fyra h\u00f6rn, inte bara underifr\u00e5n...","og_url":"https:\/\/www.exhale-fans.com\/sv\/mobil-luftkonditionering-eller-luftkylare-nous-deux\/","og_site_name":"Exhale Fans","article_publisher":"https:\/\/www.facebook.com\/exhale.europe","article_published_time":"2024-08-16T14:18:20+00:00","article_modified_time":"2024-08-16T14:18:23+00:00","og_image":[{"width":960,"height":610,"url":"https:\/\/www.exhale-fans.com\/wp-content\/uploads\/2024\/08\/climatisation-nomade-ou-rafraichisseur-d-air-nous-deux-01.jpg","type":"image\/jpeg"}],"author":"Exhale Fans Europe","twitter_card":"summary_large_image","twitter_misc":{"Skriven av":"Exhale Fans Europe","Ber\u00e4knad l\u00e4stid":"7 minuter"},"schema":{"@context":"https:\/\/schema.org","@graph":[{"@type":"Article","@id":"https:\/\/www.exhale-fans.com\/sv\/mobil-luftkonditionering-eller-luftkylare-nous-deux\/#article","isPartOf":{"@id":"https:\/\/www.exhale-fans.com\/sv\/mobil-luftkonditionering-eller-luftkylare-nous-deux\/"},"author":{"name":"Exhale Fans Europe","@id":"https:\/\/www.exhale-fans.com\/sv\/#\/schema\/person\/3693838ba30391ab5d72ee097e55be7e"},"headline":"Mobil luftkonditionering eller luftkylare? &#8211; Nous deux","datePublished":"2024-08-16T14:18:20+00:00","dateModified":"2024-08-16T14:18:23+00:00","mainEntityOfPage":{"@id":"https:\/\/www.exhale-fans.com\/sv\/mobil-luftkonditionering-eller-luftkylare-nous-deux\/"},"wordCount":1308,"publisher":{"@id":"https:\/\/www.exhale-fans.com\/sv\/#organization"},"image":{"@id":"https:\/\/www.exhale-fans.com\/sv\/mobil-luftkonditionering-eller-luftkylare-nous-deux\/#primaryimage"},"thumbnailUrl":"https:\/\/www.exhale-fans.com\/wp-content\/uploads\/2024\/08\/climatisation-nomade-ou-rafraichisseur-d-air-nous-deux-01.jpg","articleSection":["Presse SV"],"inLanguage":"sv-SE"},{"@type":"WebPage","@id":"https:\/\/www.exhale-fans.com\/sv\/mobil-luftkonditionering-eller-luftkylare-nous-deux\/","url":"https:\/\/www.exhale-fans.com\/sv\/mobil-luftkonditionering-eller-luftkylare-nous-deux\/","name":"Mobil luftkonditionering eller luftkylare? - Nous deux - Exhale Fans","isPartOf":{"@id":"https:\/\/www.exhale-fans.com\/sv\/#website"},"primaryImageOfPage":{"@id":"https:\/\/www.exhale-fans.com\/sv\/mobil-luftkonditionering-eller-luftkylare-nous-deux\/#primaryimage"},"image":{"@id":"https:\/\/www.exhale-fans.com\/sv\/mobil-luftkonditionering-eller-luftkylare-nous-deux\/#primaryimage"},"thumbnailUrl":"https:\/\/www.exhale-fans.com\/wp-content\/uploads\/2024\/08\/climatisation-nomade-ou-rafraichisseur-d-air-nous-deux-01.jpg","datePublished":"2024-08-16T14:18:20+00:00","dateModified":"2024-08-16T14:18:23+00:00","breadcrumb":{"@id":"https:\/\/www.exhale-fans.com\/sv\/mobil-luftkonditionering-eller-luftkylare-nous-deux\/#breadcrumb"},"inLanguage":"sv-SE","potentialAction":[{"@type":"ReadAction","target":["https:\/\/www.exhale-fans.com\/sv\/mobil-luftkonditionering-eller-luftkylare-nous-deux\/"]}]},{"@type":"ImageObject","inLanguage":"sv-SE","@id":"https:\/\/www.exhale-fans.com\/sv\/mobil-luftkonditionering-eller-luftkylare-nous-deux\/#primaryimage","url":"https:\/\/www.exhale-fans.com\/wp-content\/uploads\/2024\/08\/climatisation-nomade-ou-rafraichisseur-d-air-nous-deux-01.jpg","contentUrl":"https:\/\/www.exhale-fans.com\/wp-content\/uploads\/2024\/08\/climatisation-nomade-ou-rafraichisseur-d-air-nous-deux-01.jpg","width":960,"height":610,"caption":"Climatisation nomade ou rafraichisseur d'air ?"},{"@type":"BreadcrumbList","@id":"https:\/\/www.exhale-fans.com\/sv\/mobil-luftkonditionering-eller-luftkylare-nous-deux\/#breadcrumb","itemListElement":[{"@type":"ListItem","position":1,"name":"Takfl\u00e4kt","item":"https:\/\/www.exhale-fans.com\/sv\/"},{"@type":"ListItem","position":2,"name":"Mobil luftkonditionering eller luftkylare? &#8211; Nous deux"}]},{"@type":"WebSite","@id":"https:\/\/www.exhale-fans.com\/sv\/#website","url":"https:\/\/www.exhale-fans.com\/sv\/","name":"Exhale Fans","description":"Exhale Fans","publisher":{"@id":"https:\/\/www.exhale-fans.com\/sv\/#organization"},"potentialAction":[{"@type":"SearchAction","target":{"@type":"EntryPoint","urlTemplate":"https:\/\/www.exhale-fans.com\/sv\/?s={search_term_string}"},"query-input":{"@type":"PropertyValueSpecification","valueRequired":true,"valueName":"search_term_string"}}],"inLanguage":"sv-SE"},{"@type":"Organization","@id":"https:\/\/www.exhale-fans.com\/sv\/#organization","name":"Exhale Fans","url":"https:\/\/www.exhale-fans.com\/sv\/","logo":{"@type":"ImageObject","inLanguage":"sv-SE","@id":"https:\/\/www.exhale-fans.com\/sv\/#\/schema\/logo\/image\/","url":"https:\/\/www.exhale-fans.com\/wp-content\/uploads\/2018\/09\/exhale-logo.png","contentUrl":"https:\/\/www.exhale-fans.com\/wp-content\/uploads\/2018\/09\/exhale-logo.png","width":140,"height":43,"caption":"Exhale Fans"},"image":{"@id":"https:\/\/www.exhale-fans.com\/sv\/#\/schema\/logo\/image\/"},"sameAs":["https:\/\/www.facebook.com\/exhale.europe","https:\/\/www.instagram.com\/exhalefanseu\/"]},{"@type":"Person","@id":"https:\/\/www.exhale-fans.com\/sv\/#\/schema\/person\/3693838ba30391ab5d72ee097e55be7e","name":"Exhale Fans Europe","image":{"@type":"ImageObject","inLanguage":"sv-SE","@id":"https:\/\/www.exhale-fans.com\/sv\/#\/schema\/person\/image\/","url":"https:\/\/secure.gravatar.com\/avatar\/0cc57458f76be9103b5365114139e2adbf54aafca10f9e65ff2db8ec5e0108b2?s=96&d=mm&r=g","contentUrl":"https:\/\/secure.gravatar.com\/avatar\/0cc57458f76be9103b5365114139e2adbf54aafca10f9e65ff2db8ec5e0108b2?s=96&d=mm&r=g","caption":"Exhale Fans Europe"}}]}},"_links":{"self":[{"href":"https:\/\/www.exhale-fans.com\/sv\/wp-json\/wp\/v2\/posts\/36799","targetHints":{"allow":["GET"]}}],"collection":[{"href":"https:\/\/www.exhale-fans.com\/sv\/wp-json\/wp\/v2\/posts"}],"about":[{"href":"https:\/\/www.exhale-fans.com\/sv\/wp-json\/wp\/v2\/types\/post"}],"author":[{"embeddable":true,"href":"https:\/\/www.exhale-fans.com\/sv\/wp-json\/wp\/v2\/users\/2"}],"replies":[{"embeddable":true,"href":"https:\/\/www.exhale-fans.com\/sv\/wp-json\/wp\/v2\/comments?post=36799"}],"version-history":[{"count":2,"href":"https:\/\/www.exhale-fans.com\/sv\/wp-json\/wp\/v2\/posts\/36799\/revisions"}],"predecessor-version":[{"id":36801,"href":"https:\/\/www.exhale-fans.com\/sv\/wp-json\/wp\/v2\/posts\/36799\/revisions\/36801"}],"wp:featuredmedia":[{"embeddable":true,"href":"https:\/\/www.exhale-fans.com\/sv\/wp-json\/wp\/v2\/media\/36728"}],"wp:attachment":[{"href":"https:\/\/www.exhale-fans.com\/sv\/wp-json\/wp\/v2\/media?parent=36799"}],"wp:term":[{"taxonomy":"category","embeddable":true,"href":"https:\/\/www.exhale-fans.com\/sv\/wp-json\/wp\/v2\/categories?post=36799"},{"taxonomy":"post_tag","embeddable":true,"href":"https:\/\/www.exhale-fans.com\/sv\/wp-json\/wp\/v2\/tags?post=36799"}],"curies":[{"name":"wp","href":"https:\/\/api.w.org\/{rel}","templated":true}]}}